                       {"id":51410,"date":"2023-12-12T13:19:44","date_gmt":"2023-12-12T19:19:44","guid":{"rendered":"https:\/\/laultimapalabra.com.mx\/portal\/?p=51410"},"modified":"2023-12-12T13:19:44","modified_gmt":"2023-12-12T19:19:44","slug":"reyes-deja-la-presidencia","status":"publish","type":"post","link":"https:\/\/laultimapalabra.com.mx\/portal\/reyes-deja-la-presidencia\/","title":{"rendered":"Reyes deja la presidencia"},"content":{"rendered":"<p>&nbsp;<\/p>\n<p>El Magistrado Rodr\u00edguez Mondrag\u00f3n se dobla: presidir\u00e1 el TEPJF hasta el final de 2023Ciudad de M\u00e9xico, 11 de diciembre (SinEmbargo). &#8211; El Magistrado Reyes Rodr\u00edguez Mondrag\u00f3n acept\u00f3 esta noche renunciar a la presidencia del Tribunal Electoral del Poder Judicial de la Federaci\u00f3n (TEPJF), luego de que este mediod\u00eda, a trav\u00e9s de un comunicado, afirmara que no entregar\u00eda su puesto. Sin embargo, este lunes, tras una fuerte presi\u00f3n ejercida por sus colegas M\u00f3nica Soto Fragoso, Felipe Fuentes Barrera y Felipe de la Mata Piza\u00f1a, Rodr\u00edguez Mondrag\u00f3n acord\u00f3 entregar dicha presidencia al final de diciembre, por lo que ser\u00e1 en enero de 2024 cuando se convoque a la elecci\u00f3n de quien presidir\u00e1 el TEPJF de cara a la elecci\u00f3n federal del domingo 2 de junio de 2024 que, adem\u00e1s, ser\u00e1 la m\u00e1s grande de la historia de M\u00e9xico.<\/p>\n<p>Posteriormente, Reyes Mondrag\u00f3n comparti\u00f3 un comunicado en su cuenta de X, antes Twitter, donde hizo oficial su renuncia como Magistrado presidente, por lo que su \u00faltimo d\u00eda en el cargo ser\u00e1 el 31 de diciembre.<\/p>\n<p>\u201cTomo esta decisi\u00f3n de manera consciente y reflexiva, privilegiando mi compromiso con la instituci\u00f3n y con la estabilidad pol\u00edtica que demanda el actual proceso electoral\u201d, se\u00f1al\u00f3.<\/p>\n<p>Asegur\u00f3 que, durante su cargo, desde septiembre de 2021, entreg\u00f3 una instituci\u00f3n \u201cm\u00e1s confiable, independiente, incluyente, profesional, eficiente y abierta\u201d.<\/p>\n<p>A\u00f1adi\u00f3 que, entre sus obligaciones, est\u00e1 el procurar el funcionamiento organizacional y superar cualquier obst\u00e1culo a la gobernabilidad institucional. Adem\u00e1s, enfatiz\u00f3 en su actuaci\u00f3n con \u201chonestidad, imparcialidad y estricto apego a la Ley\u201d.<\/p>\n<p>\u201cContinuar\u00e9 con mi mandato constitucional de Magistrado electoral de la Sala Superior, actuando bajo mi convicci\u00f3n democr\u00e1tica y con irrestricto respeto a la Constituci\u00f3n y las leyes electorales\u201d, finaliz\u00f3 Rodr\u00edguez Mondrag\u00f3n.<\/p>\n<p>Luego de varios d\u00edas de zozobra, desde que el pasado 7 de diciembre Rodr\u00edguez Mondrag\u00f3n decidiera dejar a medias la sesi\u00f3n en la que sus tres colegas ped\u00edan su remoci\u00f3n, y \u201chuy\u00f3\u201d del Pleno de ese Tribunal, el Magistrado \u2013cercano al panista Roberto Gil Zuarth, exsecretario particular del entonces presidente Felipe Calder\u00f3n Hinojosa, expres\u00f3 este lunes su arrepentimiento al votar a la Sala Superior que integra el TEPJF.<\/p>\n<p>\u201cMe arrepiento del voto parlamentario que hice por esa Sala Superior. Ninguno se merece su sueldo, lo que recibe. Con todo respeto\u201d, dijo durante una entrevista con el periodista Ciro G\u00f3mez Leyva en su programa en Radio F\u00f3rmula.<\/p>\n<p>Cabe recordar que el mentor del Magistrado presidente es el panista Roberto Gil Zuarth, secretario particular de Felipe Calder\u00f3n Hinojosa cuando este ocupaba la Presidencia de la Rep\u00fablica, quien impuls\u00f3 su carrera desde que ambos estudiaron Derecho en el Instituto Tecnol\u00f3gico Aut\u00f3nomo de M\u00e9xico (ITAM) y quien tiene, precisamente, un despacho de abogados.<\/p>\n<p>De octubre de 2012 y hasta febrero de 2013, por ejemplo, cuando Gil Zuarth se desempe\u00f1\u00f3 como presidente de la Comisi\u00f3n de Justicia del Senado de la Rep\u00fablica, Rodr\u00edguez Mondrag\u00f3n fungi\u00f3 como Secretario T\u00e9cnico de dicha Comisi\u00f3n. Adem\u00e1s de haberlo acompa\u00f1ado como Coordinador de asesores, cuando Gil estaba en el Gobierno de Calder\u00f3n Hinojosa.<\/p>\n<p>Fuente: sin embargo<\/p>\n<p>Cr\u00e9ditos foto: sin embargo<\/p>\n","protected":false},"excerpt":{"rendered":"<p>&nbsp; El Magistrado Rodr\u00edguez Mondrag\u00f3n se dobla: presidir\u00e1 el TEPJF hasta el final de 2023Ciudad de M\u00e9xico, 11 de diciembre (SinEmbargo). &#8211; El Magistrado Reyes Rodr\u00edguez Mondrag\u00f3n acept\u00f3 esta noche renunciar a la presidencia del Tribunal Electoral del Poder Judicial de la Federaci\u00f3n (TEPJF), luego de que este mediod\u00eda, a trav\u00e9s de un comunicado, afirmara [&hellip;]<\/p>\n","protected":false},"author":9,"featured_media":51411,"comment_status":"closed","ping_status":"closed","sticky":false,"template":"","format":"standard","meta":{"footnotes":""},"categories":[19],"tags":[124,10921,10876,2085,10920,5859],"class_list":["post-51410","post","type-post","status-publish","format-standard","has-post-thumbnail","hentry","category-nacional","tag-amlo","tag-calderonista","tag-reyesrodriguezmondragon","tag-scjn","tag-tfepjf","tag-ultimas-noticias"],"_links":{"self":[{"href":"https:\/\/laultimapalabra.com.mx\/portal\/wp-json\/wp\/v2\/posts\/51410","targetHints":{"allow":["GET"]}}],"collection":[{"href":"https:\/\/laultimapalabra.com.mx\/portal\/wp-json\/wp\/v2\/posts"}],"about":[{"href":"https:\/\/laultimapalabra.com.mx\/portal\/wp-json\/wp\/v2\/types\/post"}],"author":[{"embeddable":true,"href":"https:\/\/laultimapalabra.com.mx\/portal\/wp-json\/wp\/v2\/users\/9"}],"replies":[{"embeddable":true,"href":"https:\/\/laultimapalabra.com.mx\/portal\/wp-json\/wp\/v2\/comments?post=51410"}],"version-history":[{"count":1,"href":"https:\/\/laultimapalabra.com.mx\/portal\/wp-json\/wp\/v2\/posts\/51410\/revisions"}],"predecessor-version":[{"id":51412,"href":"https:\/\/laultimapalabra.com.mx\/portal\/wp-json\/wp\/v2\/posts\/51410\/revisions\/51412"}],"wp:featuredmedia":[{"embeddable":true,"href":"https:\/\/laultimapalabra.com.mx\/portal\/wp-json\/wp\/v2\/media\/51411"}],"wp:attachment":[{"href":"https:\/\/laultimapalabra.com.mx\/portal\/wp-json\/wp\/v2\/media?parent=51410"}],"wp:term":[{"taxonomy":"category","embeddable":true,"href":"https:\/\/laultimapalabra.com.mx\/portal\/wp-json\/wp\/v2\/categories?post=51410"},{"taxonomy":"post_tag","embeddable":true,"href":"https:\/\/laultimapalabra.com.mx\/portal\/wp-json\/wp\/v2\/tags?post=51410"}],"curies":[{"name":"wp","href":"https:\/\/api.w.org\/{rel}","templated":true}]}}