                       {"id":51565,"date":"2023-12-14T12:30:46","date_gmt":"2023-12-14T18:30:46","guid":{"rendered":"https:\/\/laultimapalabra.com.mx\/portal\/?p=51565"},"modified":"2023-12-14T12:30:46","modified_gmt":"2023-12-14T18:30:46","slug":"avalan-diputados-quitar-fuero-a-uriel-carmona-2","status":"publish","type":"post","link":"https:\/\/laultimapalabra.com.mx\/portal\/avalan-diputados-quitar-fuero-a-uriel-carmona-2\/","title":{"rendered":"Avalan diputados quitar fuero a Uriel Carmona"},"content":{"rendered":"<p>Ciudad de M\u00e9xico. La C\u00e1mara de Diputados, con el 230 votos de Morena y sus aliados, 22 votos en contra de MC y 170 abstenciones del PRI, PAN y PRD, retiro el fuero al Fiscal General de Morelos, Uriel Carmona G\u00e1ndara y facult\u00f3 al Ministerio P\u00fablico Federal para ejercer la acci\u00f3n penal correspondiente \u201cen el momento en que lo determine\u201d, por los delitos de ejercicio il\u00edcito de servicio p\u00fablico y contra el funcionamiento del sistema nacional de seguridad p\u00fablica.<\/p>\n<p>Luego de erigirse en Juzgado de Procedencia, a petici\u00f3n de la Secci\u00f3n Instructora, en un proceso que duro poco m\u00e1s de una hora, por mayor\u00eda simple, los diputados despojaron al Fiscal Carmona G\u00e1ndara de su fuero, y votaron a favor de la \u201cDeclaraci\u00f3n de Procedencia \u201c y que se remite al Congreso del Estado de Morelos para que \u201cen ejercicio de sus atribuciones, proceda como corresponda, esto es, para el s\u00f3lo efecto de que se ponga a disposici\u00f3n del Ministerio P\u00fablico Federal al imputado\u201d.<\/p>\n<p>El Abogado defensor del Fiscal Carmona G\u00e1ndara, Gabriel Regino dijo a los legisladores para \u201cejercer el derecho constitucional de Defensa que tiene el Fiscal Carmona G\u00e1ndara y a poner de su conocimiento la gran atrocidad que est\u00e1 a punto de ser cometida con esta declaraci\u00f3n de procedencia\u201d.<\/p>\n<p>Sostuvo que \u201cesto es una revancha pol\u00edtica disfrazada de declaraci\u00f3n de procedencia\u201d. Acus\u00f3 a la Secci\u00f3n Instructora de no haber atendido la petici\u00f3n que les formul\u00f3 \u201cque van a votar sobre hechos que ya prescribieron\u201d. Tambi\u00e9n acus\u00f3 a la Fiscal\u00eda General de la Rep\u00fablica (FGR) \u201cde no haber permitido al Fiscal General de Morelos revisar el expediente para saber de qu\u00e9 se le acusaba\u201d.<\/p>\n<p>Por la FGR, el Ministerio P\u00fablico Federal, Juan Gabriel Morales pidi\u00f3 a los diputados \u201cno se dejen sorprender. Si nosotros permitimos que nuestros servidores p\u00fablicos no tengan los ex\u00e1menes de confianza vigentes cuando asumen un cargo \u2013como fue este caso del Fiscal -, cu\u00e1nta confianza le tendr\u00e1 los ciudadanos de Morelos a esos servidores. EL abogado defensor del Fiscal les vino a decir que os delitos estaban prescritos, como FGR vengo a decirles que no estaban prescritos\u201d.<\/p>\n<p>FUENTE: LA JORNADA<\/p>\n<p>Cr\u00e9ditos foto: Jos\u00e9 Antonio L\u00f3pez\/ la jornada<\/p>\n<p>&nbsp;<\/p>\n","protected":false},"excerpt":{"rendered":"<p>Ciudad de M\u00e9xico. La C\u00e1mara de Diputados, con el 230 votos de Morena y sus aliados, 22 votos en contra de MC y 170 abstenciones del PRI, PAN y PRD, retiro el fuero al Fiscal General de Morelos, Uriel Carmona G\u00e1ndara y facult\u00f3 al Ministerio P\u00fablico Federal para ejercer la acci\u00f3n penal correspondiente \u201cen el [&hellip;]<\/p>\n","protected":false},"author":9,"featured_media":51566,"comment_status":"closed","ping_status":"closed","sticky":false,"template":"","format":"standard","meta":{"footnotes":""},"categories":[19],"tags":[10965,4703,5859,10964],"class_list":["post-51565","post","type-post","status-publish","format-standard","has-post-thumbnail","hentry","category-nacional","tag-avalanquitarfuero","tag-diputados","tag-ultimas-noticias","tag-urielcarmona"],"_links":{"self":[{"href":"https:\/\/laultimapalabra.com.mx\/portal\/wp-json\/wp\/v2\/posts\/51565","targetHints":{"allow":["GET"]}}],"collection":[{"href":"https:\/\/laultimapalabra.com.mx\/portal\/wp-json\/wp\/v2\/posts"}],"about":[{"href":"https:\/\/laultimapalabra.com.mx\/portal\/wp-json\/wp\/v2\/types\/post"}],"author":[{"embeddable":true,"href":"https:\/\/laultimapalabra.com.mx\/portal\/wp-json\/wp\/v2\/users\/9"}],"replies":[{"embeddable":true,"href":"https:\/\/laultimapalabra.com.mx\/portal\/wp-json\/wp\/v2\/comments?post=51565"}],"version-history":[{"count":1,"href":"https:\/\/laultimapalabra.com.mx\/portal\/wp-json\/wp\/v2\/posts\/51565\/revisions"}],"predecessor-version":[{"id":51567,"href":"https:\/\/laultimapalabra.com.mx\/portal\/wp-json\/wp\/v2\/posts\/51565\/revisions\/51567"}],"wp:featuredmedia":[{"embeddable":true,"href":"https:\/\/laultimapalabra.com.mx\/portal\/wp-json\/wp\/v2\/media\/51566"}],"wp:attachment":[{"href":"https:\/\/laultimapalabra.com.mx\/portal\/wp-json\/wp\/v2\/media?parent=51565"}],"wp:term":[{"taxonomy":"category","embeddable":true,"href":"https:\/\/laultimapalabra.com.mx\/portal\/wp-json\/wp\/v2\/categories?post=51565"},{"taxonomy":"post_tag","embeddable":true,"href":"https:\/\/laultimapalabra.com.mx\/portal\/wp-json\/wp\/v2\/tags?post=51565"}],"curies":[{"name":"wp","href":"https:\/\/api.w.org\/{rel}","templated":true}]}}