                       {"id":5174,"date":"2018-12-07T02:06:41","date_gmt":"2018-12-07T02:06:41","guid":{"rendered":"http:\/\/laultimapalabra.info\/?p=5174"},"modified":"2024-12-11T08:53:28","modified_gmt":"2024-12-11T14:53:28","slug":"usted-tiene-la-ultima-palabra-43","status":"publish","type":"post","link":"https:\/\/laultimapalabra.com.mx\/portal\/usted-tiene-la-ultima-palabra-43\/","title":{"rendered":"Usted tiene&#8230; La \u00daltima Palabra"},"content":{"rendered":"<p style=\"text-align: justify;\"><strong><img loading=\"lazy\" decoding=\"async\" class=\"size-medium wp-image-390 alignleft\" src=\"https:\/\/laultimapalabra.com.mx\/portal\/wp-content\/uploads\/2018\/02\/28169846_1705449459476714_78449556_o-203x300.jpg\" alt=\"\" width=\"203\" height=\"300\" \/>\u201cMe canso, ganso\u201d<\/strong><\/p>\n<p style=\"text-align: justify;\">Por: Ing. Jes\u00fas Herrera R\u00e1bago<\/p>\n<p style=\"text-align: justify;\">Hay frases o dichos populares que de ordinario se usan pero no sabemos realmente d\u00f3nde surgieron o en qu\u00e9 contexto se hicieron famosas. Han quedado perdidas en el tiempo y en ocasiones es dif\u00edcil encontrar su origen exacto.<br \/>\nDe todos los detalles de la toma de posesi\u00f3n de Andr\u00e9s Manuel L\u00f3pez Obrador quiz\u00e1 lo que m\u00e1s se \u201cviraliz\u00f3\u201d fue el uso del dicho: \u201cMe canso, ganso\u2026\u201d, al referirse que en tres a\u00f1os estar\u00e1 funcionando una v\u00eda f\u00e9rrea de Coatzacoalcos a Salinas Cruz, para comunicar, con ello, m\u00e1s f\u00e1cilmente a las naciones asi\u00e1ticas con la costa del este de Estados Unidos.<br \/>\nEsta frase en nuestra regi\u00f3n no es muy usada, pero en el centro y el sur del pa\u00eds, es com\u00fan que la gente la use. A ciencia cierta no se sabe el origen de ella, pero el que la hizo famosa fue el comediante Germ\u00e1n Vald\u00e9s Tin Tan, quien la us\u00f3 en 1947 en su pel\u00edcula \u201cEl ni\u00f1o perdido\u201d.<br \/>\nEl contexto de la escena es que su carnal Marcelo, al estar cantando una canci\u00f3n en ingl\u00e9s, la cante en espa\u00f1ol para ver qu\u00e9 quiere decir, ante lo cual contesta: \u201c\u00a1Te la canto! \u00a1Me canso ganso, dijo un zancudo cuando volar no pudo, una pata se le torci\u00f3 y la otra se le hizo nudo, luego le dio laftosa y hasta qued\u00f3 mudo y ya mejor no le sigo porque luego yo sudo!\u201d.<br \/>\nEs obvio que para muchos no cay\u00f3 en gracia e inmediatamente lo criticaron, sin embargo, la forma no es lo importante, sino el fondo que lleva la frase. M\u00e1s all\u00e1 de querer utilizar un lenguaje popular para congraciarse o mostrar que \u00e9l no es de las clases de \u00e9lite, el mensaje m\u00e1s bien representa un manotazo sobre el tablero pol\u00edtico para dejar claro qui\u00e9n manda.<br \/>\nJunto con las decisiones que ha tomado sobre todo la cancelaci\u00f3n del nuevo aeropuerto, es claro que lo primero que est\u00e1 dejando claro es que \u00e9l manda, lo cual resulta l\u00f3gico ante la falta de orden en los \u00faltimos sexenios donde la figura presidencial se fue diluyendo y obvio, como dice el dicho popular: \u201csi el gato no est\u00e1, los ratones hacen fiesta\u201d.<br \/>\nSin embargo, el mensaje m\u00e1s oculto es que se va regresar a la \u00e9poca anterior a que apareciera el neoliberalismo que ha imperado en las \u00faltimas d\u00e9cadas, por ello, muchos critican que se est\u00e1 regresando a los a\u00f1os sesentas.<br \/>\nDe entrada esto podr\u00eda dar temor, pero pensemos por ejemplo, que en esas \u00e9pocas hab\u00eda una clase media fuerte, que con la entrada de las pol\u00edticas neoliberales desapareci\u00f3, y no porque se hizo clase alta, sino se mud\u00f3 a la clase media baja, la brecha entre ricos y pobres se hizo m\u00e1s escandalosa, un peque\u00f1o grupo se apoder\u00f3 de toda la riqueza, mientras millones pasaron a formar parte de los que viven en la pobreza o peor a\u00fan, en la pobreza extrema.<br \/>\nLa realidad es que se viv\u00eda un r\u00e9gimen \u201cestatista\u201d, es decir una \u201ctendencia que exalta el poder y la preeminencia del Estado sobre las dem\u00e1s entidades sociales\u201d. Sin embargo, luego nos pasamos al otro extremo donde el Estado se volvi\u00f3 d\u00e9bil y los resultados han sido desastrosos.<br \/>\nAs\u00ed las cosas, desde el inicio de su mandato Andr\u00e9s Manuel ha querido dejar claro el poder que ahora el Gobierno ejercer\u00e1, y para quien no lo crea o lo dude, les mand\u00f3 el mensaje con la frase popular, que en lenguaje norte\u00f1o, ser\u00eda como el \u201cc\u00f3mo chingaos que no\u2026\u201d.<br \/>\nEsta es mi opini\u00f3n, usted tiene La \u00daltima Palabra.<\/p>\n","protected":false},"excerpt":{"rendered":"<p>\u201cMe canso, ganso\u201d Por: Ing. Jes\u00fas Herrera R\u00e1bago Hay frases o dichos populares que de ordinario se usan pero no sabemos realmente d\u00f3nde surgieron o en qu\u00e9 contexto se hicieron famosas. Han quedado perdidas en el tiempo y en ocasiones es dif\u00edcil encontrar su origen exacto. De todos los detalles de la toma de posesi\u00f3n [&hellip;]<\/p>\n","protected":false},"author":9,"featured_media":390,"comment_status":"open","ping_status":"closed","sticky":false,"template":"","format":"standard","meta":{"footnotes":""},"categories":[1],"tags":[1278],"class_list":["post-5174","post","type-post","status-publish","format-standard","has-post-thumbnail","hentry","category-noticias","tag-ing-jesus-herrera-rabago"],"_links":{"self":[{"href":"https:\/\/laultimapalabra.com.mx\/portal\/wp-json\/wp\/v2\/posts\/5174","targetHints":{"allow":["GET"]}}],"collection":[{"href":"https:\/\/laultimapalabra.com.mx\/portal\/wp-json\/wp\/v2\/posts"}],"about":[{"href":"https:\/\/laultimapalabra.com.mx\/portal\/wp-json\/wp\/v2\/types\/post"}],"author":[{"embeddable":true,"href":"https:\/\/laultimapalabra.com.mx\/portal\/wp-json\/wp\/v2\/users\/9"}],"replies":[{"embeddable":true,"href":"https:\/\/laultimapalabra.com.mx\/portal\/wp-json\/wp\/v2\/comments?post=5174"}],"version-history":[{"count":1,"href":"https:\/\/laultimapalabra.com.mx\/portal\/wp-json\/wp\/v2\/posts\/5174\/revisions"}],"predecessor-version":[{"id":65808,"href":"https:\/\/laultimapalabra.com.mx\/portal\/wp-json\/wp\/v2\/posts\/5174\/revisions\/65808"}],"wp:featuredmedia":[{"embeddable":true,"href":"https:\/\/laultimapalabra.com.mx\/portal\/wp-json\/"}],"wp:attachment":[{"href":"https:\/\/laultimapalabra.com.mx\/portal\/wp-json\/wp\/v2\/media?parent=5174"}],"wp:term":[{"taxonomy":"category","embeddable":true,"href":"https:\/\/laultimapalabra.com.mx\/portal\/wp-json\/wp\/v2\/categories?post=5174"},{"taxonomy":"post_tag","embeddable":true,"href":"https:\/\/laultimapalabra.com.mx\/portal\/wp-json\/wp\/v2\/tags?post=5174"}],"curies":[{"name":"wp","href":"https:\/\/api.w.org\/{rel}","templated":true}]}}