                       {"id":52013,"date":"2023-12-22T12:34:14","date_gmt":"2023-12-22T18:34:14","guid":{"rendered":"https:\/\/laultimapalabra.com.mx\/portal\/?p=52013"},"modified":"2023-12-22T12:34:14","modified_gmt":"2023-12-22T18:34:14","slug":"caen-dos-por-viajar-en-motocicleta-armados-con-pistola","status":"publish","type":"post","link":"https:\/\/laultimapalabra.com.mx\/portal\/caen-dos-por-viajar-en-motocicleta-armados-con-pistola\/","title":{"rendered":"Caen dos por viajar en motocicleta armados con pistola"},"content":{"rendered":"<p>Cuando viajaban en una motocicleta y portaban arma de fuego, dos presuntos gatilleros fueron capturados por elementos de la Polic\u00eda de Garc\u00eda.<\/p>\n<p>La detenci\u00f3n de los inculpados se llev\u00f3 a cabo en la avenida Bicentenario y M\u00e9xico, en la colonia Mitras Bicentenario.<\/p>\n<p>Los detenidos fueron captados por c\u00e1maras de seguridad cuando circulaban en medio de un terreno bald\u00edo entre las colonias Mitras Bicentenario y el sector de Misi\u00f3n de San Juan.<\/p>\n<p>Esto provoc\u00f3 que polic\u00edas se acercaran al sitio, pero los sujetos al darse cuenta de la presencia de los oficiales emprendieron la huida.<\/p>\n<p>Uno de los detenidos trat\u00f3 de escapar corriendo y al verse copado sac\u00f3 una pistola y amenaz\u00f3 a los oficiales.<\/p>\n<p>Los inculpados fueron identificados como Janson \u00c1ngel, de 28 a\u00f1os, y Jorge, originario de Nuevo Laredo, y quien portaba la pistola calibre 9 mil\u00edmetros.<\/p>\n<p>Ambos al ser detenidos fueron sometidos y trasladados a las instalaciones de esa corporaci\u00f3n.<\/p>\n<p>Los sujetos est\u00e1n siendo investigados para establecer si participaron en alg\u00fan hecho violento en el municipio.<\/p>\n<p>FUENTE:INFO7<\/p>\n<p>Cr\u00e9ditos foto: info7<\/p>\n","protected":false},"excerpt":{"rendered":"<p>Cuando viajaban en una motocicleta y portaban arma de fuego, dos presuntos gatilleros fueron capturados por elementos de la Polic\u00eda de Garc\u00eda. La detenci\u00f3n de los inculpados se llev\u00f3 a cabo en la avenida Bicentenario y M\u00e9xico, en la colonia Mitras Bicentenario. Los detenidos fueron captados por c\u00e1maras de seguridad cuando circulaban en medio de [&hellip;]<\/p>\n","protected":false},"author":9,"featured_media":52014,"comment_status":"closed","ping_status":"closed","sticky":false,"template":"","format":"standard","meta":{"footnotes":""},"categories":[15],"tags":[7123,4213,4322,7036,5859],"class_list":["post-52013","post","type-post","status-publish","format-standard","has-post-thumbnail","hentry","category-estado","tag-armados","tag-detenidos","tag-motocicleta","tag-pistola","tag-ultimas-noticias"],"_links":{"self":[{"href":"https:\/\/laultimapalabra.com.mx\/portal\/wp-json\/wp\/v2\/posts\/52013","targetHints":{"allow":["GET"]}}],"collection":[{"href":"https:\/\/laultimapalabra.com.mx\/portal\/wp-json\/wp\/v2\/posts"}],"about":[{"href":"https:\/\/laultimapalabra.com.mx\/portal\/wp-json\/wp\/v2\/types\/post"}],"author":[{"embeddable":true,"href":"https:\/\/laultimapalabra.com.mx\/portal\/wp-json\/wp\/v2\/users\/9"}],"replies":[{"embeddable":true,"href":"https:\/\/laultimapalabra.com.mx\/portal\/wp-json\/wp\/v2\/comments?post=52013"}],"version-history":[{"count":1,"href":"https:\/\/laultimapalabra.com.mx\/portal\/wp-json\/wp\/v2\/posts\/52013\/revisions"}],"predecessor-version":[{"id":52015,"href":"https:\/\/laultimapalabra.com.mx\/portal\/wp-json\/wp\/v2\/posts\/52013\/revisions\/52015"}],"wp:featuredmedia":[{"embeddable":true,"href":"https:\/\/laultimapalabra.com.mx\/portal\/wp-json\/wp\/v2\/media\/52014"}],"wp:attachment":[{"href":"https:\/\/laultimapalabra.com.mx\/portal\/wp-json\/wp\/v2\/media?parent=52013"}],"wp:term":[{"taxonomy":"category","embeddable":true,"href":"https:\/\/laultimapalabra.com.mx\/portal\/wp-json\/wp\/v2\/categories?post=52013"},{"taxonomy":"post_tag","embeddable":true,"href":"https:\/\/laultimapalabra.com.mx\/portal\/wp-json\/wp\/v2\/tags?post=52013"}],"curies":[{"name":"wp","href":"https:\/\/api.w.org\/{rel}","templated":true}]}}