                       {"id":5214,"date":"2018-12-12T16:13:59","date_gmt":"2018-12-12T16:13:59","guid":{"rendered":"http:\/\/laultimapalabra.info\/?p=5214"},"modified":"2024-12-11T08:53:28","modified_gmt":"2024-12-11T14:53:28","slug":"compromiso-cumplido-maestros-amlo","status":"publish","type":"post","link":"https:\/\/laultimapalabra.com.mx\/portal\/compromiso-cumplido-maestros-amlo\/","title":{"rendered":"Compromiso cumplido, maestros.- AMLO"},"content":{"rendered":"<p><img loading=\"lazy\" decoding=\"async\" src=\"https:\/\/laultimapalabra.com.mx\/portal\/wp-content\/uploads\/2018\/12\/75804456684808788789742635.jpg\" class=\"wp-image-5212 alignnone size-full\" width=\"660\" height=\"440\"><\/p>\n<p>*El Presidente L\u00f3pez Obrador firm\u00f3 la iniciativa para cancelar la reforma educativa.<\/p>\n<p>Cd. de M\u00e9xico (12 diciembre 2018).- El Presidente Andr\u00e9s Manuel L\u00f3pez Obrador firm\u00f3 la iniciativa para cancelar la reforma educativa y sustituir el ordenamiento actual, en el que se establece que lo fundamental es el derecho a la educaci\u00f3n gratuita y de calidad.<\/p>\n<p>&#8220;La educaci\u00f3n, que no es un privilegio, sino un derecho de todos: educaci\u00f3n p\u00fablica, gratuita, de calidad, en todos los niveles escolares&#8221;, dijo en su conferencia matutina.<\/p>\n<p>Con esto, refiri\u00f3, jam\u00e1s se le va a faltar al respeto a los maestros. &#8220;Compromiso cumplido, maestras y maestros&#8221;, lanz\u00f3.<\/p>\n<p>&#8220;Tambi\u00e9n en este nuevo plan educativo es importante destacar que se ha llegado a un acuerdo inicial con padres de familia y con maestros, esto es un cambio importante, una diferencia con relaci\u00f3n a la manera en que actuaron cuando impusieron la mal llamada reforma educativa que se hizo contra la voluntad de los maestros&#8221;, expuso.<\/p>\n<p>&#8220;Y tambi\u00e9n mencionar que nunca, jam\u00e1s se le va a faltar al respeto a los maestros, al magisterio nacional, a nuestras maestras, a nuestros maestros, como sucedi\u00f3 recientemente, que se dedicaron a ofender a los maestros. Eso se termina, hay afortunadamente muy buenas relaciones con los maestros y con las organizaciones sindicales del magisterio&#8221;.<\/p>\n<p>La iniciativa ser\u00e1 presentada en la C\u00e1mara de Diputados.<\/p>\n<p>Refiri\u00f3 que en para el nuevo plan educativo se van a destinar cada vez m\u00e1s recursos y se buscar\u00e1 que no haya rechazados, en particular en nivel medio superior y superior.<\/p>\n<p>&#8220;En el periodo neoliberal una de las caracter\u00edsticas fue que a\u00f1o con a\u00f1o se rechazaban a miles de j\u00f3venes que no pod\u00edan estudiar, con la mentira de que no pasaban el examen de admisi\u00f3n, sino que las universidades no ten\u00edan presupuesto para cupo&#8221;.<\/p>\n<p>Fuente: El Norte<\/p>\n","protected":false},"excerpt":{"rendered":"<p>*El Presidente L\u00f3pez Obrador firm\u00f3 la iniciativa para cancelar la reforma educativa. Cd. de M\u00e9xico (12 diciembre 2018).- El Presidente Andr\u00e9s Manuel L\u00f3pez Obrador firm\u00f3 la iniciativa para cancelar la reforma educativa y sustituir el ordenamiento actual, en el que se establece que lo fundamental es el derecho a la educaci\u00f3n gratuita y de calidad. [&hellip;]<\/p>\n","protected":false},"author":9,"featured_media":5213,"comment_status":"open","ping_status":"closed","sticky":false,"template":"","format":"standard","meta":{"footnotes":""},"categories":[19],"tags":[124,1948],"class_list":["post-5214","post","type-post","status-publish","format-standard","has-post-thumbnail","hentry","category-nacional","tag-amlo","tag-reforma-educativa"],"_links":{"self":[{"href":"https:\/\/laultimapalabra.com.mx\/portal\/wp-json\/wp\/v2\/posts\/5214","targetHints":{"allow":["GET"]}}],"collection":[{"href":"https:\/\/laultimapalabra.com.mx\/portal\/wp-json\/wp\/v2\/posts"}],"about":[{"href":"https:\/\/laultimapalabra.com.mx\/portal\/wp-json\/wp\/v2\/types\/post"}],"author":[{"embeddable":true,"href":"https:\/\/laultimapalabra.com.mx\/portal\/wp-json\/wp\/v2\/users\/9"}],"replies":[{"embeddable":true,"href":"https:\/\/laultimapalabra.com.mx\/portal\/wp-json\/wp\/v2\/comments?post=5214"}],"version-history":[{"count":1,"href":"https:\/\/laultimapalabra.com.mx\/portal\/wp-json\/wp\/v2\/posts\/5214\/revisions"}],"predecessor-version":[{"id":65824,"href":"https:\/\/laultimapalabra.com.mx\/portal\/wp-json\/wp\/v2\/posts\/5214\/revisions\/65824"}],"wp:featuredmedia":[{"embeddable":true,"href":"https:\/\/laultimapalabra.com.mx\/portal\/wp-json\/"}],"wp:attachment":[{"href":"https:\/\/laultimapalabra.com.mx\/portal\/wp-json\/wp\/v2\/media?parent=5214"}],"wp:term":[{"taxonomy":"category","embeddable":true,"href":"https:\/\/laultimapalabra.com.mx\/portal\/wp-json\/wp\/v2\/categories?post=5214"},{"taxonomy":"post_tag","embeddable":true,"href":"https:\/\/laultimapalabra.com.mx\/portal\/wp-json\/wp\/v2\/tags?post=5214"}],"curies":[{"name":"wp","href":"https:\/\/api.w.org\/{rel}","templated":true}]}}