                       {"id":5218,"date":"2018-12-13T12:35:35","date_gmt":"2018-12-13T12:35:35","guid":{"rendered":"http:\/\/laultimapalabra.info\/?p=5218"},"modified":"2024-12-11T08:53:28","modified_gmt":"2024-12-11T14:53:28","slug":"acusan-golpe-a-autonomia","status":"publish","type":"post","link":"https:\/\/laultimapalabra.com.mx\/portal\/acusan-golpe-a-autonomia\/","title":{"rendered":"Acusan golpe a autonom\u00eda"},"content":{"rendered":"<p><img loading=\"lazy\" decoding=\"async\" src=\"https:\/\/laultimapalabra.com.mx\/portal\/wp-content\/uploads\/2018\/12\/75836975171255815329604909.jpg\" class=\"alignnone size-full wp-image-5216\" width=\"660\" height=\"440\"><\/p>\n<p>Acompa\u00f1ado del Secretario de Educaci\u00f3n, Esteban Moctezuma (izq.), L\u00f3pez Obrador present\u00f3 la iniciativa de reforma educativa.<\/p>\n<p>Cd. de M\u00e9xico (13 diciembre 2018).- El Presidente Andr\u00e9s Manuel L\u00f3pez Obrador firm\u00f3 ayer una propuesta de reforma educativa que es un golpe a los organismos aut\u00f3nomos, acusaron los integrantes del Instituto Nacional para la Evaluaci\u00f3n de la Educaci\u00f3n (INEE).<\/p>\n<p>Luego de que el Mandatario firm\u00f3 la iniciativa de ley, que cancela la operaci\u00f3n del INEE como \u00f3rgano aut\u00f3nomo para evaluar la calidad de la educaci\u00f3n en el Pa\u00eds, los consejeros de este organismo cuestionaron la decisi\u00f3n.<\/p>\n<p>&#8220;Eliminar un organismo aut\u00f3nomo como el INEE&#8221;, plante\u00f3 Teresa Bracho, consejera presidenta, a nombre de sus compa\u00f1eros, &#8220;representa un atentado del nuevo Gobierno contra el sistema de pesos y contrapesos de nuestra democracia y, en particular, contra los \u00f3rganos aut\u00f3nomos.<\/p>\n<p>&#8220;Un \u00f3rgano aut\u00f3nomo es indispensable para conocer el sistema educativo nacional y superar las brechas de inequidad que lo caracterizan&#8221;, agreg\u00f3.<\/p>\n<p>Es el segundo enfrentamiento que sostiene el Gobierno de L\u00f3pez Obrador con organismos aut\u00f3nomos que ofrecen contrapesos al Poder Ejecutivo, ya que integrantes del Poder Judicial tambi\u00e9n lo acusaron de invadir su autonom\u00eda al intentar reducirles las percepciones.<\/p>\n<p>El INEE fue creado en el 2002 y opera con autonom\u00eda constitucional desde el 26 de febrero del 2013, derivado de la reforma educativa de la pasada gesti\u00f3n federal.<\/p>\n<p>Al firmar la nueva propuesta de reforma educativa, que ser\u00e1 turnada a la C\u00e1mara de Diputados, L\u00f3pez Obrador expres\u00f3: &#8220;Compromiso cumplido, maestros&#8221;.<\/p>\n<p>&#8220;Nunca jam\u00e1s se le va a faltar al respeto a los maestros, habr\u00e1 muy buenas relaciones con los maestros y las organizaciones sindicales&#8221;, afirm\u00f3.<\/p>\n<p>El Secretario de Educaci\u00f3n P\u00fablica, Esteban Moctezuma, inform\u00f3 que el Instituto Nacional para la Revalorizaci\u00f3n del Magisterio y la Mejora Continua de la Educaci\u00f3n sustituir\u00e1 al INEE.<\/p>\n<p>Adelant\u00f3 que este organismo establecer\u00e1 indicadores de desempe\u00f1o de maestros, autoridades e instituciones, adem\u00e1s de que emitir\u00e1 lineamientos para la capacitaci\u00f3n magisterial y la formaci\u00f3n docente.<\/p>\n<p>&#8220;Los maestros no est\u00e1n en contra de la evaluaci\u00f3n&#8221;, sostuvo Moctezuma, &#8220;pero s\u00ed est\u00e1n en contra de una evaluaci\u00f3n ligada a lo laboral. Y el INEE particip\u00f3 de una manera activa en ello.<\/p>\n<p>&#8220;Entonces, vamos a tener ahora una organizaci\u00f3n mucho m\u00e1s poderosa para echar hacia adelante el tema de la calidad educativa y de la equidad educativa&#8221;.<\/p>\n<p>Fuente: El norte<\/p>\n","protected":false},"excerpt":{"rendered":"<p>Acompa\u00f1ado del Secretario de Educaci\u00f3n, Esteban Moctezuma (izq.), L\u00f3pez Obrador present\u00f3 la iniciativa de reforma educativa. Cd. de M\u00e9xico (13 diciembre 2018).- El Presidente Andr\u00e9s Manuel L\u00f3pez Obrador firm\u00f3 ayer una propuesta de reforma educativa que es un golpe a los organismos aut\u00f3nomos, acusaron los integrantes del Instituto Nacional para la Evaluaci\u00f3n de la Educaci\u00f3n [&hellip;]<\/p>\n","protected":false},"author":9,"featured_media":5217,"comment_status":"open","ping_status":"closed","sticky":false,"template":"","format":"standard","meta":{"footnotes":""},"categories":[19],"tags":[124,909],"class_list":["post-5218","post","type-post","status-publish","format-standard","has-post-thumbnail","hentry","category-nacional","tag-amlo","tag-educacion"],"_links":{"self":[{"href":"https:\/\/laultimapalabra.com.mx\/portal\/wp-json\/wp\/v2\/posts\/5218","targetHints":{"allow":["GET"]}}],"collection":[{"href":"https:\/\/laultimapalabra.com.mx\/portal\/wp-json\/wp\/v2\/posts"}],"about":[{"href":"https:\/\/laultimapalabra.com.mx\/portal\/wp-json\/wp\/v2\/types\/post"}],"author":[{"embeddable":true,"href":"https:\/\/laultimapalabra.com.mx\/portal\/wp-json\/wp\/v2\/users\/9"}],"replies":[{"embeddable":true,"href":"https:\/\/laultimapalabra.com.mx\/portal\/wp-json\/wp\/v2\/comments?post=5218"}],"version-history":[{"count":1,"href":"https:\/\/laultimapalabra.com.mx\/portal\/wp-json\/wp\/v2\/posts\/5218\/revisions"}],"predecessor-version":[{"id":65826,"href":"https:\/\/laultimapalabra.com.mx\/portal\/wp-json\/wp\/v2\/posts\/5218\/revisions\/65826"}],"wp:featuredmedia":[{"embeddable":true,"href":"https:\/\/laultimapalabra.com.mx\/portal\/wp-json\/"}],"wp:attachment":[{"href":"https:\/\/laultimapalabra.com.mx\/portal\/wp-json\/wp\/v2\/media?parent=5218"}],"wp:term":[{"taxonomy":"category","embeddable":true,"href":"https:\/\/laultimapalabra.com.mx\/portal\/wp-json\/wp\/v2\/categories?post=5218"},{"taxonomy":"post_tag","embeddable":true,"href":"https:\/\/laultimapalabra.com.mx\/portal\/wp-json\/wp\/v2\/tags?post=5218"}],"curies":[{"name":"wp","href":"https:\/\/api.w.org\/{rel}","templated":true}]}}