                       {"id":5242,"date":"2018-12-13T22:39:00","date_gmt":"2018-12-13T22:39:00","guid":{"rendered":"http:\/\/laultimapalabra.info\/?p=5242"},"modified":"2024-12-11T08:53:28","modified_gmt":"2024-12-11T14:53:28","slug":"gral-valentin-canalizo-bocadillo-unico-neolones-que-ha-llegado-a-ser-presidente-de-mexico","status":"publish","type":"post","link":"https:\/\/laultimapalabra.com.mx\/portal\/gral-valentin-canalizo-bocadillo-unico-neolones-que-ha-llegado-a-ser-presidente-de-mexico\/","title":{"rendered":"Gral. Valent\u00edn Canalizo Bocadillo, \u00fanico neolon\u00e9s  que ha llegado a ser Presidente de M\u00e9xico"},"content":{"rendered":"<p style=\"text-align: justify;\"><img loading=\"lazy\" decoding=\"async\" class=\"size-medium wp-image-5243 alignright\" src=\"https:\/\/laultimapalabra.com.mx\/portal\/wp-content\/uploads\/2018\/12\/1-2-279x300.jpg\" alt=\"\" width=\"279\" height=\"300\" \/>Por: Dr. Jos\u00e9 Ascenci\u00f3n Tijerina Flores<\/p>\n<p style=\"text-align: justify;\">Valent\u00edn Canalizo Bocadillo fue uno de los regiomontanos m\u00e1s destacados de la primera mitad del siglo XIX mexicano.<br \/>\nParticipante de numerosas campa\u00f1as y batallas, adem\u00e1s de haber influido notablemente en la disciplina y el orden de la vida nacional.<br \/>\nAlcanz\u00f3 el grado m\u00e1ximo del Ej\u00e9rcito: Gral. de Divisi\u00f3n, y lleg\u00f3 a ocupar (aunque brevemente y en dos ocasiones), la Silla Presidencial; el \u00fanico neolon\u00e9s que ha ocupado tan importante cargo.<br \/>\nSin embargo, su ca\u00edda ser\u00eda una de las m\u00e1s precipitadas de la \u00e9poca, por lo cual su figura est\u00e1 pr\u00e1cticamente olvidada en la actualidad.<br \/>\nCanalizo fue bautizado en la Catedral de Monterrey un 12 de febrero de 1795, se inici\u00f3 desde muy joven en la carrera de las armas, ingresando a los 16 a\u00f1os a las milicias Virreinales como cadete.<br \/>\nEn la guerra de Independencia combati\u00f3 en el Ej\u00e9rcito Realista hasta 1821, uni\u00e9ndose al Plan de Iguala. promulgado por Agust\u00edn de Iturbide, fiel a Santa Anna quien le dio el grado de General y por dos d\u00edas fue el Ministro de guerra.<br \/>\nForm\u00f3 parte del Ej\u00e9rcito Trigarante que entr\u00f3 triunfante a la ciudad de M\u00e9xico un 27 de septiembre del a\u00f1o antes mencionado, logrando as\u00ed la consumaci\u00f3n de la Independencia Nacional.<br \/>\nUn nuevo Ej\u00e9rcito se hab\u00eda creado, y Canalizo se integr\u00f3 a \u00e9l c\u00f3mo Coronel.<br \/>\nEn 1835, fue ascendido a Gral. habiendo ocupado puestos de gran importancia en Oaxaca, adem\u00e1s fue gobernador del estado de M\u00e9xico, y comandante del Ej\u00e9rcito del norte, entre otros puestos no menos importantes. Adem\u00e1s tambi\u00e9n desempe\u00f1\u00f3 el puesto de Ministro de Hacienda.<br \/>\nForm\u00f3 parte de una c\u00fapula de militares encabezados por don Antonio L\u00f3pez de Santa Anna; fue Presidente interino por unos meses en 1843 y 1844, pero fue destituido por una \u201cguerrilla\u201d en la ciudad de M\u00e9xico que fue conocida por la historia como: \u201cla Revoluci\u00f3n de las 3 horas\u201d.<br \/>\nFue sentenciado al destierro, pero regres\u00f3 al Pa\u00eds en 1846 por nostalgia y necesidad de defender a la patria contra los invasores estadounidenses.<br \/>\nSin embargo, sus tiempos de triunfos militares ya hab\u00edan pasado, por lo que iniciaba el declive de su carrera.<br \/>\nRecibi\u00f3 el nombramiento de Jefe Militar de Veracruz, y su terquedad lo llev\u00f3 a fortificar las alturas de \u201cCerro Gordo\u201d para impedir el avance del Ejercito Yankee aun desafiando las estrategias militares razonables en aquella guerra.<br \/>\nLa batalla fue un desastre para los nacionales y signific\u00f3 el final de su carrera en el Ej\u00e9rcito. (tomado de los escritos del maestro historiador: Ahmed Valtier)<br \/>\nUn 20 de febrero de 1850, Canalizo falleci\u00f3 en su hogar de la Cd. de M\u00e9xico, con direcci\u00f3n en: Segunda Calle del Reloj #9 (en el actual centro hist\u00f3rico) v\u00edctima de una pulmon\u00eda fulminante a la edad de 55 a\u00f1os. De su decendencia se conocen tres hijos.<br \/>\nFue sepultado al d\u00eda siguiente en el convento de San Diego, y desde entonces se ignor\u00f3 su heroico PASADO, pues escasamente algunas notas mencionan brevemente su heroica trayectoria por lo que en este PRESENTE intentamos rescatarlo del olvido record\u00e1ndolo como el \u00fanico regiomontano que a llegado a ocupar tan importante responsabilidad: ser Presidente de M\u00e9xico.<br \/>\nAlgunos destacados Neoloneses han intentado llegar a la primera magistratura del pa\u00eds sin conseguirlo ejemplo: Santiago Vidaurri que no logr\u00f3 llegar por su enemistad con Benito Ju\u00e1rez, Ger\u00f3nimo Trevi\u00f1o Leal, a quien le interesaban m\u00e1s los negocios, Francisco Naranjo por la misma causa prefiriendo el Presidente Porfirio D\u00edaz eliminarlos para designar a su compadre y amigo Manuel Gonz\u00e1lez, Antonio Irineo Villarreal, enemigo de cl\u00e9rigos por lo que se gan\u00f3 el desprecio de los Neoloneses, Aar\u00f3n S\u00e1ez, Santiago Roel y Alfonso Mart\u00ednez Dom\u00ednguez quien fue el que m\u00e1s cerca estuvo de lograr el objetivo, sin embargo la culpa que le carg\u00f3 Luis Echeverr\u00eda (Por la matanza de Tlaltelolco) oblig\u00f3 al Presidente L\u00f3pez Portillo enviarlo a la Gubernatura de Nuevo Le\u00f3n y desde luego nuestro actual Gobernador Ing. Jaime E. Rodr\u00edguez quien tampoco logr\u00f3 la consumaci\u00f3n de su objetivo.<br \/>\n\u00bfQui\u00e9n y cu\u00e1ndo tendremos la oportunidad de ver a un Neolon\u00e9s ocupar la silla Presidencial que hace muchos a\u00f1os ocupara nuestro personaje de hoy pr\u00e1cticamente en el olvido: General Valent\u00edn Canalizo Bocadillo.<br \/>\nGracias<\/p>\n","protected":false},"excerpt":{"rendered":"<p>Por: Dr. Jos\u00e9 Ascenci\u00f3n Tijerina Flores Valent\u00edn Canalizo Bocadillo fue uno de los regiomontanos m\u00e1s destacados de la primera mitad del siglo XIX mexicano. Participante de numerosas campa\u00f1as y batallas, adem\u00e1s de haber influido notablemente en la disciplina y el orden de la vida nacional. Alcanz\u00f3 el grado m\u00e1ximo del Ej\u00e9rcito: Gral. de Divisi\u00f3n, y [&hellip;]<\/p>\n","protected":false},"author":9,"featured_media":5243,"comment_status":"open","ping_status":"closed","sticky":false,"template":"","format":"standard","meta":{"footnotes":""},"categories":[1],"tags":[879],"class_list":["post-5242","post","type-post","status-publish","format-standard","has-post-thumbnail","hentry","category-noticias","tag-dr-jose-ascencion-tijerina-flores"],"_links":{"self":[{"href":"https:\/\/laultimapalabra.com.mx\/portal\/wp-json\/wp\/v2\/posts\/5242","targetHints":{"allow":["GET"]}}],"collection":[{"href":"https:\/\/laultimapalabra.com.mx\/portal\/wp-json\/wp\/v2\/posts"}],"about":[{"href":"https:\/\/laultimapalabra.com.mx\/portal\/wp-json\/wp\/v2\/types\/post"}],"author":[{"embeddable":true,"href":"https:\/\/laultimapalabra.com.mx\/portal\/wp-json\/wp\/v2\/users\/9"}],"replies":[{"embeddable":true,"href":"https:\/\/laultimapalabra.com.mx\/portal\/wp-json\/wp\/v2\/comments?post=5242"}],"version-history":[{"count":1,"href":"https:\/\/laultimapalabra.com.mx\/portal\/wp-json\/wp\/v2\/posts\/5242\/revisions"}],"predecessor-version":[{"id":65840,"href":"https:\/\/laultimapalabra.com.mx\/portal\/wp-json\/wp\/v2\/posts\/5242\/revisions\/65840"}],"wp:featuredmedia":[{"embeddable":true,"href":"https:\/\/laultimapalabra.com.mx\/portal\/wp-json\/"}],"wp:attachment":[{"href":"https:\/\/laultimapalabra.com.mx\/portal\/wp-json\/wp\/v2\/media?parent=5242"}],"wp:term":[{"taxonomy":"category","embeddable":true,"href":"https:\/\/laultimapalabra.com.mx\/portal\/wp-json\/wp\/v2\/categories?post=5242"},{"taxonomy":"post_tag","embeddable":true,"href":"https:\/\/laultimapalabra.com.mx\/portal\/wp-json\/wp\/v2\/tags?post=5242"}],"curies":[{"name":"wp","href":"https:\/\/api.w.org\/{rel}","templated":true}]}}