                       {"id":52507,"date":"2024-01-05T15:29:53","date_gmt":"2024-01-05T21:29:53","guid":{"rendered":"https:\/\/laultimapalabra.com.mx\/portal\/?p=52507"},"modified":"2024-01-05T23:18:53","modified_gmt":"2024-01-06T05:18:53","slug":"se-desprecian-miles-de-litros-de-agua-en-mega-fugaa","status":"publish","type":"post","link":"https:\/\/laultimapalabra.com.mx\/portal\/se-desprecian-miles-de-litros-de-agua-en-mega-fugaa\/","title":{"rendered":"Se desperdician miles de litros de agua en mega fuga"},"content":{"rendered":"<p>Cadereyta Jim\u00e9nez N.L.- La ma\u00f1ana de este viernes, se desperdiciaron miles de litros de agua potable causada por una fuga debajo del pavimento, en el municipio de Cadereyta.<\/p>\n<p>&nbsp;<\/p>\n<p>&nbsp;<\/p>\n<p>&nbsp;<\/p>\n<p><img loading=\"lazy\" decoding=\"async\" class=\"alignnone size-medium wp-image-52509\" src=\"https:\/\/laultimapalabra.com.mx\/portal\/wp-content\/uploads\/2024\/01\/IMG-20240105-WA0047-300x225.jpg\" alt=\"\" width=\"300\" height=\"225\" srcset=\"https:\/\/laultimapalabra.com.mx\/portal\/wp-content\/uploads\/2024\/01\/IMG-20240105-WA0047-300x225.jpg 300w, https:\/\/laultimapalabra.com.mx\/portal\/wp-content\/uploads\/2024\/01\/IMG-20240105-WA0047-1024x768.jpg 1024w, https:\/\/laultimapalabra.com.mx\/portal\/wp-content\/uploads\/2024\/01\/IMG-20240105-WA0047-768x576.jpg 768w, https:\/\/laultimapalabra.com.mx\/portal\/wp-content\/uploads\/2024\/01\/IMG-20240105-WA0047.jpg 1280w\" sizes=\"auto, (max-width: 300px) 100vw, 300px\" \/><\/p>\n<p>Esto sucedi\u00f3 en la zona centro del municipio en la calle Morelos cruce con Progreso y 20 de noviembre, donde sal\u00eda agua debajo de una banqueta de un domicilio y del pavimento, en el momento de hacer el en vivo de parte de La \u00daltima Palabra, aun no se contaba con ninguna cuadrilla de Agua y Drenaje, por lo que continu\u00f3 desperdici\u00e1ndose el vital l\u00edquido por varias horas.<\/p>\n","protected":false},"excerpt":{"rendered":"<p>Cadereyta Jim\u00e9nez N.L.- La ma\u00f1ana de este viernes, se desperdiciaron miles de litros de agua potable causada por una fuga debajo del pavimento, en el municipio de Cadereyta. &nbsp; &nbsp; &nbsp; Esto sucedi\u00f3 en la zona centro del municipio en la calle Morelos cruce con Progreso y 20 de noviembre, donde sal\u00eda agua debajo de [&hellip;]<\/p>\n","protected":false},"author":9,"featured_media":52508,"comment_status":"closed","ping_status":"closed","sticky":false,"template":"","format":"standard","meta":{"footnotes":""},"categories":[17],"tags":[4471,3840,4318,5859],"class_list":["post-52507","post","type-post","status-publish","format-standard","has-post-thumbnail","hentry","category-locales-cadereyta","tag-agua-potable","tag-cadereyta-jimenez-nl","tag-fuga","tag-ultimas-noticias"],"_links":{"self":[{"href":"https:\/\/laultimapalabra.com.mx\/portal\/wp-json\/wp\/v2\/posts\/52507","targetHints":{"allow":["GET"]}}],"collection":[{"href":"https:\/\/laultimapalabra.com.mx\/portal\/wp-json\/wp\/v2\/posts"}],"about":[{"href":"https:\/\/laultimapalabra.com.mx\/portal\/wp-json\/wp\/v2\/types\/post"}],"author":[{"embeddable":true,"href":"https:\/\/laultimapalabra.com.mx\/portal\/wp-json\/wp\/v2\/users\/9"}],"replies":[{"embeddable":true,"href":"https:\/\/laultimapalabra.com.mx\/portal\/wp-json\/wp\/v2\/comments?post=52507"}],"version-history":[{"count":2,"href":"https:\/\/laultimapalabra.com.mx\/portal\/wp-json\/wp\/v2\/posts\/52507\/revisions"}],"predecessor-version":[{"id":52540,"href":"https:\/\/laultimapalabra.com.mx\/portal\/wp-json\/wp\/v2\/posts\/52507\/revisions\/52540"}],"wp:featuredmedia":[{"embeddable":true,"href":"https:\/\/laultimapalabra.com.mx\/portal\/wp-json\/wp\/v2\/media\/52508"}],"wp:attachment":[{"href":"https:\/\/laultimapalabra.com.mx\/portal\/wp-json\/wp\/v2\/media?parent=52507"}],"wp:term":[{"taxonomy":"category","embeddable":true,"href":"https:\/\/laultimapalabra.com.mx\/portal\/wp-json\/wp\/v2\/categories?post=52507"},{"taxonomy":"post_tag","embeddable":true,"href":"https:\/\/laultimapalabra.com.mx\/portal\/wp-json\/wp\/v2\/tags?post=52507"}],"curies":[{"name":"wp","href":"https:\/\/api.w.org\/{rel}","templated":true}]}}