                       {"id":52517,"date":"2024-01-05T15:40:09","date_gmt":"2024-01-05T21:40:09","guid":{"rendered":"https:\/\/laultimapalabra.com.mx\/portal\/?p=52517"},"modified":"2024-01-05T15:40:09","modified_gmt":"2024-01-05T21:40:09","slug":"provoca-corto-circuito-incendio-en-camioneta","status":"publish","type":"post","link":"https:\/\/laultimapalabra.com.mx\/portal\/provoca-corto-circuito-incendio-en-camioneta\/","title":{"rendered":"Provoca corto circuito incendio en camioneta"},"content":{"rendered":"<p>Cadereyta Jim\u00e9nez, N.L.-Un corto circuito en la cabina de una camioneta utilizada para transportar garrafones de agua, provoc\u00f3 un incendio, en el municipio de Cadereyta.<\/p>\n<p>&nbsp;<\/p>\n<p>&nbsp;<\/p>\n<p>&nbsp;<\/p>\n<p><img loading=\"lazy\" decoding=\"async\" class=\"alignnone size-medium wp-image-52519\" src=\"https:\/\/laultimapalabra.com.mx\/portal\/wp-content\/uploads\/2024\/01\/IMG-20240105-WA0067-300x225.jpg\" alt=\"\" width=\"300\" height=\"225\" srcset=\"https:\/\/laultimapalabra.com.mx\/portal\/wp-content\/uploads\/2024\/01\/IMG-20240105-WA0067-300x225.jpg 300w, https:\/\/laultimapalabra.com.mx\/portal\/wp-content\/uploads\/2024\/01\/IMG-20240105-WA0067-1024x768.jpg 1024w, https:\/\/laultimapalabra.com.mx\/portal\/wp-content\/uploads\/2024\/01\/IMG-20240105-WA0067-768x576.jpg 768w, https:\/\/laultimapalabra.com.mx\/portal\/wp-content\/uploads\/2024\/01\/IMG-20240105-WA0067.jpg 1280w\" sizes=\"auto, (max-width: 300px) 100vw, 300px\" \/> <img loading=\"lazy\" decoding=\"async\" class=\"alignnone size-medium wp-image-52520\" src=\"https:\/\/laultimapalabra.com.mx\/portal\/wp-content\/uploads\/2024\/01\/IMG-20240105-WA0069-300x225.jpg\" alt=\"\" width=\"300\" height=\"225\" srcset=\"https:\/\/laultimapalabra.com.mx\/portal\/wp-content\/uploads\/2024\/01\/IMG-20240105-WA0069-300x225.jpg 300w, https:\/\/laultimapalabra.com.mx\/portal\/wp-content\/uploads\/2024\/01\/IMG-20240105-WA0069-1024x768.jpg 1024w, https:\/\/laultimapalabra.com.mx\/portal\/wp-content\/uploads\/2024\/01\/IMG-20240105-WA0069-768x576.jpg 768w, https:\/\/laultimapalabra.com.mx\/portal\/wp-content\/uploads\/2024\/01\/IMG-20240105-WA0069.jpg 1280w\" sizes=\"auto, (max-width: 300px) 100vw, 300px\" \/><\/p>\n<p>El incidente se registr\u00f3 en la carretera libre a Reynosa en el kil\u00f3metro 27 a unos metros del lugar conocido como &#8220;El San Judas&#8221;.<\/p>\n<p>El conductor de la camioneta de la compa\u00f1\u00eda de Agua Star, observ\u00f3 que comenz\u00f3 a salir humo debajo de \u00e9l, por lo que sali\u00f3 de la carpeta asf\u00e1ltica y descendi\u00f3 de la unidad.<\/p>\n<p>R\u00e1pidamente elementos de Bomberos y Protecci\u00f3n Civil de Cadereyta, arribaron al sitio donde sofocaron las llamas y eliminaron riesgos, afortunadamente no hubo personas lesionadas.<\/p>\n<p>Elementos de Vialidad y Tr\u00e1nsito, abanderaron el sitio para evitar un percance mientras se realizaban las maniobras para extinguir las llamas, las cuales, no consumieron en su totalidad la unidad 329.<\/p>\n","protected":false},"excerpt":{"rendered":"<p>Cadereyta Jim\u00e9nez, N.L.-Un corto circuito en la cabina de una camioneta utilizada para transportar garrafones de agua, provoc\u00f3 un incendio, en el municipio de Cadereyta. &nbsp; &nbsp; &nbsp; El incidente se registr\u00f3 en la carretera libre a Reynosa en el kil\u00f3metro 27 a unos metros del lugar conocido como &#8220;El San Judas&#8221;. El conductor de [&hellip;]<\/p>\n","protected":false},"author":9,"featured_media":52518,"comment_status":"closed","ping_status":"closed","sticky":false,"template":"","format":"standard","meta":{"footnotes":""},"categories":[17],"tags":[3840,3803,5859],"class_list":["post-52517","post","type-post","status-publish","format-standard","has-post-thumbnail","hentry","category-locales-cadereyta","tag-cadereyta-jimenez-nl","tag-corto-circuito","tag-ultimas-noticias"],"_links":{"self":[{"href":"https:\/\/laultimapalabra.com.mx\/portal\/wp-json\/wp\/v2\/posts\/52517","targetHints":{"allow":["GET"]}}],"collection":[{"href":"https:\/\/laultimapalabra.com.mx\/portal\/wp-json\/wp\/v2\/posts"}],"about":[{"href":"https:\/\/laultimapalabra.com.mx\/portal\/wp-json\/wp\/v2\/types\/post"}],"author":[{"embeddable":true,"href":"https:\/\/laultimapalabra.com.mx\/portal\/wp-json\/wp\/v2\/users\/9"}],"replies":[{"embeddable":true,"href":"https:\/\/laultimapalabra.com.mx\/portal\/wp-json\/wp\/v2\/comments?post=52517"}],"version-history":[{"count":1,"href":"https:\/\/laultimapalabra.com.mx\/portal\/wp-json\/wp\/v2\/posts\/52517\/revisions"}],"predecessor-version":[{"id":52521,"href":"https:\/\/laultimapalabra.com.mx\/portal\/wp-json\/wp\/v2\/posts\/52517\/revisions\/52521"}],"wp:featuredmedia":[{"embeddable":true,"href":"https:\/\/laultimapalabra.com.mx\/portal\/wp-json\/wp\/v2\/media\/52518"}],"wp:attachment":[{"href":"https:\/\/laultimapalabra.com.mx\/portal\/wp-json\/wp\/v2\/media?parent=52517"}],"wp:term":[{"taxonomy":"category","embeddable":true,"href":"https:\/\/laultimapalabra.com.mx\/portal\/wp-json\/wp\/v2\/categories?post=52517"},{"taxonomy":"post_tag","embeddable":true,"href":"https:\/\/laultimapalabra.com.mx\/portal\/wp-json\/wp\/v2\/tags?post=52517"}],"curies":[{"name":"wp","href":"https:\/\/api.w.org\/{rel}","templated":true}]}}