                       {"id":52628,"date":"2024-01-08T13:46:49","date_gmt":"2024-01-08T19:46:49","guid":{"rendered":"https:\/\/laultimapalabra.com.mx\/portal\/?p=52628"},"modified":"2024-01-08T15:02:02","modified_gmt":"2024-01-08T21:02:02","slug":"el-diputado-local-raul-lozano-renuncia-al-partido-verde-ecologista-y-se-incorpora-a-la-bancada-de-movimiento-ciudadano","status":"publish","type":"post","link":"https:\/\/laultimapalabra.com.mx\/portal\/el-diputado-local-raul-lozano-renuncia-al-partido-verde-ecologista-y-se-incorpora-a-la-bancada-de-movimiento-ciudadano\/","title":{"rendered":"El diputado local Ra\u00fal Lozano renuncia al Partido Verde Ecologista y se incorpora a la bancada de Movimiento Ciudadano."},"content":{"rendered":"<p>Monterrey. &#8211; El diputado local Ra\u00fal Lozano, anunci\u00f3 su renuncia al Partido Verde Ecologista de M\u00e9xico, para integrarse a partir de este lunes al grupo legislativo de Movimiento Ciudadano.<\/p>\n<p>Por medio de un comunicado, el legislador dio a conocer que se separaba del Partido Verde debido a distintas diferencias, entre ellas, el no respetar su militancia y trabajo desde dicha fracci\u00f3n, y dar la oportunidad de contender por la alcald\u00eda de Garc\u00eda a otra figura.<\/p>\n<p>\u201cNo asimilo que mi propio partido, en lugar de apoyarme y valorar mi trabajo de m\u00e1s de 15 a\u00f1os y de aspirar leg\u00edtimamente por la candidatura a la alcald\u00eda de Garc\u00eda, haya optado por entregarle todos los espacios de representaci\u00f3n electoral a un grupo pol\u00edtico distinto y ajeno al Partido Verde\u201d, se lee en el mensaje.<\/p>\n<p>Tambi\u00e9n y en otro documento, inform\u00f3 a la Mesa Directiva del Congreso Local su alineaci\u00f3n a las filas de Movimiento Ciudadano, por lo que sumar\u00edan ahora 12 legisladores en la Bancada Naranja.<\/p>\n<p>En la misma documentaci\u00f3n que se entreg\u00f3 a la Oficial\u00eda de Partes a las 11:00 de la ma\u00f1ana, Lozano Caballero adjunt\u00f3 su renuncia al Partido Verde por el cual gan\u00f3 el curul que representa al Distrito 20.<\/p>\n<p>Dentro del anuncio de su retiro del Verde, el diputado agradeci\u00f3 tambi\u00e9n el trabajo que se ven\u00eda haciendo con Morena y el Partido del Trabajo, y agreg\u00f3 que de ambas partes hubo comprensi\u00f3n por la situaci\u00f3n que pasa actualmente.<\/p>\n<p>La opci\u00f3n de contender por la alcald\u00eda de Garc\u00eda, fue concedida al morenista V\u00edctor Govea por parte de la coalici\u00f3n de Morena, Partido Verde y PT, lo cual podr\u00eda significar el detonante de la renuncia de Ra\u00fal Lozano a su partido.<\/p>\n<p>Hasta el momento, Movimiento Ciudadano no ha emitido pronunciamiento alguno sobre la integraci\u00f3n de Ra\u00fal Lozano a su equipo legislativo, y con el cual, \u00fanicamente les faltar\u00edan dos diputados para igualar al Partido Acci\u00f3n Nacional en n\u00famero de curules.<\/p>\n<p>FUENTE: ABC NOTICIAS<\/p>\n<p>CR\u00c9DITOS FOTO: CONTRAPORTADA<\/p>\n","protected":false},"excerpt":{"rendered":"<p>Monterrey. &#8211; El diputado local Ra\u00fal Lozano, anunci\u00f3 su renuncia al Partido Verde Ecologista de M\u00e9xico, para integrarse a partir de este lunes al grupo legislativo de Movimiento Ciudadano. Por medio de un comunicado, el legislador dio a conocer que se separaba del Partido Verde debido a distintas diferencias, entre ellas, el no respetar su [&hellip;]<\/p>\n","protected":false},"author":9,"featured_media":52629,"comment_status":"closed","ping_status":"closed","sticky":false,"template":"","format":"standard","meta":{"footnotes":""},"categories":[15],"tags":[11226,1571,5859],"class_list":["post-52628","post","type-post","status-publish","format-standard","has-post-thumbnail","hentry","category-estado","tag-diputadolocal","tag-movimiento-ciudadano","tag-ultimas-noticias"],"_links":{"self":[{"href":"https:\/\/laultimapalabra.com.mx\/portal\/wp-json\/wp\/v2\/posts\/52628","targetHints":{"allow":["GET"]}}],"collection":[{"href":"https:\/\/laultimapalabra.com.mx\/portal\/wp-json\/wp\/v2\/posts"}],"about":[{"href":"https:\/\/laultimapalabra.com.mx\/portal\/wp-json\/wp\/v2\/types\/post"}],"author":[{"embeddable":true,"href":"https:\/\/laultimapalabra.com.mx\/portal\/wp-json\/wp\/v2\/users\/9"}],"replies":[{"embeddable":true,"href":"https:\/\/laultimapalabra.com.mx\/portal\/wp-json\/wp\/v2\/comments?post=52628"}],"version-history":[{"count":2,"href":"https:\/\/laultimapalabra.com.mx\/portal\/wp-json\/wp\/v2\/posts\/52628\/revisions"}],"predecessor-version":[{"id":52631,"href":"https:\/\/laultimapalabra.com.mx\/portal\/wp-json\/wp\/v2\/posts\/52628\/revisions\/52631"}],"wp:featuredmedia":[{"embeddable":true,"href":"https:\/\/laultimapalabra.com.mx\/portal\/wp-json\/wp\/v2\/media\/52629"}],"wp:attachment":[{"href":"https:\/\/laultimapalabra.com.mx\/portal\/wp-json\/wp\/v2\/media?parent=52628"}],"wp:term":[{"taxonomy":"category","embeddable":true,"href":"https:\/\/laultimapalabra.com.mx\/portal\/wp-json\/wp\/v2\/categories?post=52628"},{"taxonomy":"post_tag","embeddable":true,"href":"https:\/\/laultimapalabra.com.mx\/portal\/wp-json\/wp\/v2\/tags?post=52628"}],"curies":[{"name":"wp","href":"https:\/\/api.w.org\/{rel}","templated":true}]}}