                       {"id":52817,"date":"2024-01-11T12:49:54","date_gmt":"2024-01-11T18:49:54","guid":{"rendered":"https:\/\/laultimapalabra.com.mx\/portal\/?p=52817"},"modified":"2024-01-11T12:49:54","modified_gmt":"2024-01-11T18:49:54","slug":"debe-scjn-avalar-decreto-que-extingue-13-fideicomisos-de-pjf-presidencia","status":"publish","type":"post","link":"https:\/\/laultimapalabra.com.mx\/portal\/debe-scjn-avalar-decreto-que-extingue-13-fideicomisos-de-pjf-presidencia\/","title":{"rendered":"Debe SCJN avalar decreto que extingue 13 fideicomisos de PJF: Presidencia"},"content":{"rendered":"<p>Ciudad de M\u00e9xico. Una vez m\u00e1s, la Consejer\u00eda Jur\u00eddica del Ejecutivo Federal (CJEF) subray\u00f3 que la Suprema Corte de Justicia de la Naci\u00f3n (SCJN) debe declarar constitucional el decreto que extingue 13 fideicomisos del Poder Judicial constituidos con fondos p\u00fablicos, en los que se acumulan 15 mil 434 millones de pesos.<\/p>\n<p>Esta mi\u00e9rcoles, a trav\u00e9s de un comunicado, el \u00f3rgano jur\u00eddico del Ejecutivo apunt\u00f3 que las prestaciones y salarios de los servidores p\u00fablicos del Poder Judicial \u201cest\u00e1n garantizados\u201d en el Presupuesto de Egresos de la Federaci\u00f3n, por lo que reiter\u00f3 que es falso que los mencionados fideicomisos sirvan para cubrirlos.<\/p>\n<p>Frente a ello, llam\u00f3 al m\u00e1ximo tribunal del pa\u00eds a actuar con imparcialidad, justicia y respeto a la divisi\u00f3n de poderes, y \u201cdeclarar la constitucionalidad del decreto que extingue los fideicomisos y ordenar que se act\u00fae en consecuencia, con lo que, adem\u00e1s, se honrar\u00e1 el compromiso de la ministra presidenta, Norma Pi\u00f1a Hern\u00e1ndez, de devolver los recursos de los fideicomisos para ser utilizados en la reconstrucci\u00f3n de Acapulco por los da\u00f1os causados por el hurac\u00e1n Otis\u201d.<\/p>\n<p>Es de recordar que Morena y sus aliados aprobaron en el Poder Legislativo la extinci\u00f3n de los 13 fideicomisos, con el rechazo del bloque opositor. Los legisladores de oposici\u00f3n presentaron acciones de incostitucionalidad ante la Corte.<\/p>\n<p>Ante ello, en diciembre pasado, el ministro Javier Lainez Potisek concedi\u00f3 una suspensi\u00f3n provisional con lo que fren\u00f3 la desaparici\u00f3n de los fideicomisos, por lo que ahora se espera la resoluci\u00f3n de la SCJN.<\/p>\n<p>Al respecto, en su bolet\u00edn de esta noche de mi\u00e9rcoles, la CJEF se\u00f1al\u00f3 que los salarios y prestaciones de los empleados del Poder Judicial federal est\u00e1n previstos en el art\u00edculo 123 de la Constituci\u00f3n y otras normas laborales; y enfatiz\u00f3 que \u201cno existe disposici\u00f3n constitucional alguna que establezca el pago de prestaciones extraordinarias que no est\u00e9n fijadas en la ley. Los fideicomisos no son instrumentos jur\u00eddicos para otorgar prestaciones extraordinarias a ninguna persona servidora p\u00fablica\u201d.<\/p>\n<p>Puntualiz\u00f3 que el art\u00edculo 13 constitucional establece que ninguna persona o corporaci\u00f3n podr\u00e1 gozar m\u00e1s salarios y prestaciones que los fijados por ley; adem\u00e1s que el decreto impugnado garantiza que las obligaciones derivadas de los instrumentos jur\u00eddicos que se extinguen ser\u00e1n atendidas con recursos de los propios fideicomisos, \u201ccon lo que se salvaguardan los derechos y obligaciones que correspondan\u201d.<\/p>\n<p>La Consejer\u00eda resalt\u00f3 que de actuar de manera imparcial y con respeto al principio de divisi\u00f3n de poderes que se\u00f1ala el art\u00edculo 49 de la Constituci\u00f3n, la Corte deber\u00e1 cumplir con el art\u00edculo 17 de la carta magna y &#8220;privilegiar el an\u00e1lisis de la constitucionalidad de las normas por encima de formalismos procedimentales que supuestamente incumpli\u00f3 el Poder Legislativo, ya que, adem\u00e1s, se dio la participaci\u00f3n a todas las fuerzas pol\u00edticas, como obliga el art\u00edculo 72 constitucional\u201d.<\/p>\n<p>FUENTE: LA JORNADA<\/p>\n<p>CR\u00c9DITOS FOTO: LA JORNADA<\/p>\n","protected":false},"excerpt":{"rendered":"<p>Ciudad de M\u00e9xico. Una vez m\u00e1s, la Consejer\u00eda Jur\u00eddica del Ejecutivo Federal (CJEF) subray\u00f3 que la Suprema Corte de Justicia de la Naci\u00f3n (SCJN) debe declarar constitucional el decreto que extingue 13 fideicomisos del Poder Judicial constituidos con fondos p\u00fablicos, en los que se acumulan 15 mil 434 millones de pesos. Esta mi\u00e9rcoles, a trav\u00e9s [&hellip;]<\/p>\n","protected":false},"author":9,"featured_media":52818,"comment_status":"closed","ping_status":"closed","sticky":false,"template":"","format":"standard","meta":{"footnotes":""},"categories":[19],"tags":[11281,124,11280,10842,5941,2085,5859],"class_list":["post-52817","post","type-post","status-publish","format-standard","has-post-thumbnail","hentry","category-nacional","tag-15434millonesdepesos","tag-amlo","tag-cjef","tag-extinciondefideicomisos","tag-normapina","tag-scjn","tag-ultimas-noticias"],"_links":{"self":[{"href":"https:\/\/laultimapalabra.com.mx\/portal\/wp-json\/wp\/v2\/posts\/52817","targetHints":{"allow":["GET"]}}],"collection":[{"href":"https:\/\/laultimapalabra.com.mx\/portal\/wp-json\/wp\/v2\/posts"}],"about":[{"href":"https:\/\/laultimapalabra.com.mx\/portal\/wp-json\/wp\/v2\/types\/post"}],"author":[{"embeddable":true,"href":"https:\/\/laultimapalabra.com.mx\/portal\/wp-json\/wp\/v2\/users\/9"}],"replies":[{"embeddable":true,"href":"https:\/\/laultimapalabra.com.mx\/portal\/wp-json\/wp\/v2\/comments?post=52817"}],"version-history":[{"count":1,"href":"https:\/\/laultimapalabra.com.mx\/portal\/wp-json\/wp\/v2\/posts\/52817\/revisions"}],"predecessor-version":[{"id":52819,"href":"https:\/\/laultimapalabra.com.mx\/portal\/wp-json\/wp\/v2\/posts\/52817\/revisions\/52819"}],"wp:featuredmedia":[{"embeddable":true,"href":"https:\/\/laultimapalabra.com.mx\/portal\/wp-json\/wp\/v2\/media\/52818"}],"wp:attachment":[{"href":"https:\/\/laultimapalabra.com.mx\/portal\/wp-json\/wp\/v2\/media?parent=52817"}],"wp:term":[{"taxonomy":"category","embeddable":true,"href":"https:\/\/laultimapalabra.com.mx\/portal\/wp-json\/wp\/v2\/categories?post=52817"},{"taxonomy":"post_tag","embeddable":true,"href":"https:\/\/laultimapalabra.com.mx\/portal\/wp-json\/wp\/v2\/tags?post=52817"}],"curies":[{"name":"wp","href":"https:\/\/api.w.org\/{rel}","templated":true}]}}