                       {"id":52833,"date":"2024-01-11T13:01:22","date_gmt":"2024-01-11T19:01:22","guid":{"rendered":"https:\/\/laultimapalabra.com.mx\/portal\/?p=52833"},"modified":"2024-01-11T13:01:22","modified_gmt":"2024-01-11T19:01:22","slug":"ecuador-deportara-presos-extranjeros-en-medio-de-ola-violenta","status":"publish","type":"post","link":"https:\/\/laultimapalabra.com.mx\/portal\/ecuador-deportara-presos-extranjeros-en-medio-de-ola-violenta\/","title":{"rendered":"Ecuador deportar\u00e1 presos extranjeros en medio de ola violenta"},"content":{"rendered":"<p>Quito. \u2013 El presidente de Ecuador, Daniel Noboa, plante\u00f3 a Colombia realizar una deportaci\u00f3n masiva de personas privadas de la libertad que actualmente se encuentran en los centros penitenciarios del pa\u00eds.<\/p>\n<p>Se mencion\u00f3 que ser\u00edan hasta mil 500 los presos involucrados en esta operaci\u00f3n que se estar\u00eda dando en medio del \u201cconflicto armado interno\u201d que adolece la naci\u00f3n.<\/p>\n<p>Noboa mencion\u00f3 que la mayor\u00eda de los presos en Ecuador son originarios de Colombia, Per\u00fa y Venezuela, por lo que su intenci\u00f3n de deportarlos fue dejada en manos de acuerdos internacionales.<\/p>\n<p>Asimismo, y luego de aceptar una crisis carcelaria, el presidente explic\u00f3 que tienen un plan de construcci\u00f3n de dos nuevas prisiones de alta seguridad que estar\u00edan en las provincias de Pastaza y Santa Elena.<\/p>\n<p>Reiter\u00f3 que el Gobierno de Colombia no sostendr\u00e1 ning\u00fan tipo de negociaci\u00f3n con los integrantes del crimen organizado, a quienes calific\u00f3 de terroristas.<\/p>\n<p>&#8220;No podemos ceder, que es lo que ellos quer\u00edan. Nosotros no vamos a parar porque una sarta de terroristas quieren amedrentar a la ciudadan\u00eda. No vamos a ceder.<\/p>\n<p>Este Gobierno es un Gobierno firme. Es un Gobierno que va a proteger a los ciudadanos y se acabaron los momentos de gobiernos tibios&#8221;, dijo.<\/p>\n<p>Las declaraciones de Noboa Az\u00ednse llegan despu\u00e9s de que los diferentes episodios violentos de Ecuador sumaran una cifra de al menos 10 muertos, as\u00ed como 70 detenidos.<\/p>\n<p>Dicho pa\u00eds est\u00e1 en crisis de seguridad desde que se fug\u00f3 Jos\u00e9 Adolfo Mac\u00edas, alias \u201cEl Fito\u201d, l\u00edder de la banda criminal \u201cLos Choneros\u201d.<\/p>\n<p>Fuente: ABC NOTICIAS<\/p>\n<p>Cr\u00e9ditos foto: abc noticias<\/p>\n","protected":false},"excerpt":{"rendered":"<p>Quito. \u2013 El presidente de Ecuador, Daniel Noboa, plante\u00f3 a Colombia realizar una deportaci\u00f3n masiva de personas privadas de la libertad que actualmente se encuentran en los centros penitenciarios del pa\u00eds. Se mencion\u00f3 que ser\u00edan hasta mil 500 los presos involucrados en esta operaci\u00f3n que se estar\u00eda dando en medio del \u201cconflicto armado interno\u201d que [&hellip;]<\/p>\n","protected":false},"author":9,"featured_media":52834,"comment_status":"closed","ping_status":"closed","sticky":false,"template":"","format":"standard","meta":{"footnotes":""},"categories":[16],"tags":[11293,5908,11294,9632,10411],"class_list":["post-52833","post","type-post","status-publish","format-standard","has-post-thumbnail","hentry","category-internacional","tag-deportarapresos","tag-ecuador","tag-extranjeros","tag-olaviolenta","tag-ultimasnoticias"],"_links":{"self":[{"href":"https:\/\/laultimapalabra.com.mx\/portal\/wp-json\/wp\/v2\/posts\/52833","targetHints":{"allow":["GET"]}}],"collection":[{"href":"https:\/\/laultimapalabra.com.mx\/portal\/wp-json\/wp\/v2\/posts"}],"about":[{"href":"https:\/\/laultimapalabra.com.mx\/portal\/wp-json\/wp\/v2\/types\/post"}],"author":[{"embeddable":true,"href":"https:\/\/laultimapalabra.com.mx\/portal\/wp-json\/wp\/v2\/users\/9"}],"replies":[{"embeddable":true,"href":"https:\/\/laultimapalabra.com.mx\/portal\/wp-json\/wp\/v2\/comments?post=52833"}],"version-history":[{"count":1,"href":"https:\/\/laultimapalabra.com.mx\/portal\/wp-json\/wp\/v2\/posts\/52833\/revisions"}],"predecessor-version":[{"id":52835,"href":"https:\/\/laultimapalabra.com.mx\/portal\/wp-json\/wp\/v2\/posts\/52833\/revisions\/52835"}],"wp:featuredmedia":[{"embeddable":true,"href":"https:\/\/laultimapalabra.com.mx\/portal\/wp-json\/wp\/v2\/media\/52834"}],"wp:attachment":[{"href":"https:\/\/laultimapalabra.com.mx\/portal\/wp-json\/wp\/v2\/media?parent=52833"}],"wp:term":[{"taxonomy":"category","embeddable":true,"href":"https:\/\/laultimapalabra.com.mx\/portal\/wp-json\/wp\/v2\/categories?post=52833"},{"taxonomy":"post_tag","embeddable":true,"href":"https:\/\/laultimapalabra.com.mx\/portal\/wp-json\/wp\/v2\/tags?post=52833"}],"curies":[{"name":"wp","href":"https:\/\/api.w.org\/{rel}","templated":true}]}}