                       {"id":5300,"date":"2018-12-13T23:31:34","date_gmt":"2018-12-13T23:31:34","guid":{"rendered":"http:\/\/laultimapalabra.info\/?p=5300"},"modified":"2024-12-11T08:53:29","modified_gmt":"2024-12-11T14:53:29","slug":"el-quemador-45","status":"publish","type":"post","link":"https:\/\/laultimapalabra.com.mx\/portal\/el-quemador-45\/","title":{"rendered":"El Quemador"},"content":{"rendered":"<p style=\"text-align: justify;\"><img loading=\"lazy\" decoding=\"async\" class=\"size-medium wp-image-159 alignleft\" src=\"https:\/\/laultimapalabra.com.mx\/portal\/wp-content\/uploads\/2018\/02\/Banner-Caliente-copia-300x171.jpg\" alt=\"\" width=\"300\" height=\"171\" \/>Por: El Repre<\/p>\n<p style=\"text-align: justify;\">ENHORABUENA<br \/>\nIniciamos esta columneja decembrina d\u00e1ndole la enhorabuena a todos los compitas de la 49, especialmente a nuestro querido compa de compas Rafael Ortu\u00f1o Gonz\u00e1lez\u2026el motivo es porque el viernes pasado el S\u00faper Faly Ortu\u00f1o viajo a la CDMX para recibir de manos de Don Carlos Romero Deschamps la Toma de Nota que da fe legal del contundente triunfo de Faly y su Planilla Azul en las pasadas elecciones sindicales\u2026habemus toma de Nota compitas, enhorabuena!!<br \/>\nRADI\u00d3LOGO<br \/>\nDel Hospital nos pasan un dato que la verdad es indignante\u2026resulta que el disque m\u00e9dico Radi\u00f3logo Mario Ram\u00edrez responsable de Rayos X se la pasa maltratando a las damitas que tienen la mala suerte de caer con \u00e9l para que les haga un estudio\u2026ya son muchas las quejas en contra de este mal nacido y frustrado con la vida\u2026s\u00edganle!!<br \/>\nPOCA MADRE<br \/>\nNo quer\u00edamos dar tantas explicaciones pero el sujeto este hace las mamograf\u00edas y las hace mal pues no las interpreta como son y no da un trato digno a las pacientes\u2026de por s\u00ed ya es dif\u00edcil para la mujer el estudio, luego imag\u00ednense que resulte algo raro, o que se tenga que ser un estudio mayor como una biopsia y luego tener que lidiar con imb\u00e9ciles como Mario que no tienen tantita sensibilidad, \u00e9tica y respeto por lo que hace\u2026en otras palabras no tiene Madre y ojala pronto alguien lo pongan en su lugar, pues le enoja que le llegue trabajo y maltrata a las damitas, le daremos seguimiento a estas quejas!!<br \/>\nSOSA<br \/>\nDe las Centrales Contra Incendio nos cuentan que el Jefe in\u00fatil Sosa ya reanudo de sus vacaciones y anda pregonando que se va jubilado (por fin se larga\u2026Gracias a Dios)\u2026pero antes de irse el in\u00fatil aseguro que mandara por delante a las agencias de trabajo a 3 o 4 de sus compa\u00f1eros que seg\u00fan \u00e9l se la deben\u2026que desgraciado, s\u00edganle!!<br \/>\nHAMBREADO<br \/>\nLo que tambi\u00e9n har\u00e1 el corrupto Sosa antes de irse jubilado es cobrarse todos los favores que le deben (con lana o especie) por asuntos de aprobaciones, aguantables, no mandadas al \u00e1rea, recibirlos ebrios etc. Adem\u00e1s de terminar de saquear el departamento v\u00eda compa\u00f1\u00edas que le dan servicio al mismo\u2026mendigo hambreado!!<br \/>\nLOS PINEDAS<br \/>\nY los que no saben que ser\u00e1 de ellos son los Pinedas del Mario Ma\u00f1as y la Germana, pues se les va el arbolote retorcido que les hace sombra y ahora s\u00ed tendr\u00e1n que rascarse con sus propias u\u00f1as largas y cochinas y ponerse a trabajar (dif\u00edcil)\u2026lastima pues en nada se le parecen al ex jefe Luis Pineda hermano y padre de este par de lacras\u2026les quedaron muy grandes las botas, qu\u00e9 verg\u00fcenza!!<br \/>\nM\u00c1S DE VENTAS<br \/>\nPues aqu\u00ed les va m\u00e1s del hervidero que les platicamos la semana pasada en Ventas\u2026resulta que la Maribola y la Mimosa se pelearon en plena oficina despu\u00e9s de que com\u00edan en el mismo plato\u2026ahora son completas desconocidas nomas porque la huevona de la Maribola no lleva las boletas que le corresponden como Representante y como la Mimosa es muy exigente pues que se arma la trifulca en frente de toda la gente\u2026par de cabritas picudas!!<br \/>\nNO LA QUIEREN<br \/>\nTanto es el pleito con la Mimosa que nadie de su grupo la quiere\u2026la prueba de esto es una foto navide\u00f1a grupal que subieron en Facebook donde le taparon su carota con una estrellita\u2026y es que ya nadie la puede ver por odiosa y conflictiva, a todos trata mal y ya hay muchos reportes de ella por donde quiera\u2026pero como es la protegida del corrupto Eldad, se vuelve intocable!!<br \/>\nLA MARICHELA<br \/>\nTambi\u00e9n nos cuentan que la que anda falte y falte es la Marichela\u2026adem\u00e1s la mujer se la pasa inventando enfermedades y amparos m\u00e9dicos nomas pa no ir a jalar\u2026y es que se cree influyente nomas porque es muy amiga de la famosa Mimosa, con la que ahora hace mancuerna y le tapa todas sus faltas a como d\u00e9 lugar\u2026ahora es la nueva protegida de la mentada Mimosa!!<br \/>\nGENOWEBAS<br \/>\nLa que ya tiene un reporte para que la quiten, es a la Inge de operaci\u00f3n la tal Genowebas, pues ya nadie la aguanta, se pasa de abusiva con los compitas y se le olvida que es sindicalizada\u2026pero tarde o temprano caer\u00e1 a su base de limpieza, y a ver si se le sigue subiendo mucho el creerse superior\u2026por lo pronto todo el personal esperan su destituci\u00f3n, ya sea por la empresa o por el Sindicato!!&#8230;Arrivederchi!!<\/p>\n","protected":false},"excerpt":{"rendered":"<p>Por: El Repre ENHORABUENA Iniciamos esta columneja decembrina d\u00e1ndole la enhorabuena a todos los compitas de la 49, especialmente a nuestro querido compa de compas Rafael Ortu\u00f1o Gonz\u00e1lez\u2026el motivo es porque el viernes pasado el S\u00faper Faly Ortu\u00f1o viajo a la CDMX para recibir de manos de Don Carlos Romero Deschamps la Toma de Nota [&hellip;]<\/p>\n","protected":false},"author":9,"featured_media":159,"comment_status":"open","ping_status":"closed","sticky":false,"template":"","format":"standard","meta":{"footnotes":""},"categories":[1],"tags":[944],"class_list":["post-5300","post","type-post","status-publish","format-standard","has-post-thumbnail","hentry","category-noticias","tag-el-repre-el-quemador"],"_links":{"self":[{"href":"https:\/\/laultimapalabra.com.mx\/portal\/wp-json\/wp\/v2\/posts\/5300","targetHints":{"allow":["GET"]}}],"collection":[{"href":"https:\/\/laultimapalabra.com.mx\/portal\/wp-json\/wp\/v2\/posts"}],"about":[{"href":"https:\/\/laultimapalabra.com.mx\/portal\/wp-json\/wp\/v2\/types\/post"}],"author":[{"embeddable":true,"href":"https:\/\/laultimapalabra.com.mx\/portal\/wp-json\/wp\/v2\/users\/9"}],"replies":[{"embeddable":true,"href":"https:\/\/laultimapalabra.com.mx\/portal\/wp-json\/wp\/v2\/comments?post=5300"}],"version-history":[{"count":1,"href":"https:\/\/laultimapalabra.com.mx\/portal\/wp-json\/wp\/v2\/posts\/5300\/revisions"}],"predecessor-version":[{"id":65868,"href":"https:\/\/laultimapalabra.com.mx\/portal\/wp-json\/wp\/v2\/posts\/5300\/revisions\/65868"}],"wp:featuredmedia":[{"embeddable":true,"href":"https:\/\/laultimapalabra.com.mx\/portal\/wp-json\/"}],"wp:attachment":[{"href":"https:\/\/laultimapalabra.com.mx\/portal\/wp-json\/wp\/v2\/media?parent=5300"}],"wp:term":[{"taxonomy":"category","embeddable":true,"href":"https:\/\/laultimapalabra.com.mx\/portal\/wp-json\/wp\/v2\/categories?post=5300"},{"taxonomy":"post_tag","embeddable":true,"href":"https:\/\/laultimapalabra.com.mx\/portal\/wp-json\/wp\/v2\/tags?post=5300"}],"curies":[{"name":"wp","href":"https:\/\/api.w.org\/{rel}","templated":true}]}}