                       {"id":5302,"date":"2018-12-13T23:33:46","date_gmt":"2018-12-13T23:33:46","guid":{"rendered":"http:\/\/laultimapalabra.info\/?p=5302"},"modified":"2024-12-11T08:53:29","modified_gmt":"2024-12-11T14:53:29","slug":"la-guarida-del-mapache-43","status":"publish","type":"post","link":"https:\/\/laultimapalabra.com.mx\/portal\/la-guarida-del-mapache-43\/","title":{"rendered":"La Guarida del Mapache"},"content":{"rendered":"<p style=\"text-align: justify;\"><img loading=\"lazy\" decoding=\"async\" class=\"size-medium wp-image-155 alignleft\" src=\"https:\/\/laultimapalabra.com.mx\/portal\/wp-content\/uploads\/2018\/02\/mapache-300x282.jpeg\" alt=\"\" width=\"300\" height=\"282\" \/>Por: El Mapache<\/p>\n<p style=\"text-align: justify;\">\u00bfQu\u00e9 me cuentan raza?, pues yo tengo chorros que comentar, y s\u00e9 que a muchos nom\u00e1s no les va a gustar jejeje pero ese es mi jale, hastag con la pena compis, y eso que no les digo las cosas como las pienso jejeje sino de un lepero, vulgar y grosero no me bajar\u00edan, pero me contengo, me contengo.<br \/>\nAGRADABLE<br \/>\nPero bueno, antes de empezar a hacer que unos seis o siete derramen la bilis, d\u00e9jenme les digo las cosas buena onda antes, como por ejemplo que ya pasamos por el d\u00eda de las \u201cLupis\u201d.<br \/>\nCONGRATULATIONS<br \/>\nA todas las que anden por aqu\u00ed leyendo esta columneja y en especial a la first lady, mi amigocha Marthita del Cisne, quien cada vez va agarrando m\u00e1s la onda en aquello del DIF, \u00bfy c\u00f3mo no? Si la dama sabe del don de saber tratar y de apoyar a la gente.<br \/>\nADRY<br \/>\nMe recuerda mucho a la \u00f1ora de \u201cLalo\u201d de la Garza, quien tambi\u00e9n siempre fue s\u00faper sencilla y buena onda con la raza, nada de \u00ednfulas ni poses, \u00a1bien por ellas!<br \/>\nOFENDIDOS<br \/>\nPero bueno, no nos hagamos m\u00e1s, que ustedes vienen a leer los chismes de la semanuca, no se hagan jejeje as\u00ed que es mejor pasar a lo que \u201cte truje chencha\u201d, aunque despu\u00e9s resulte seis o siete ofendidos por ah\u00ed que pues con la pena mi chamba es la de se\u00f1alarles en lo que se equivocan compis.<br \/>\nAGUANTE<br \/>\nY en esto de la \u201cpolaca\u201d pues el que se lleva se aguanta, y si quieren opinar y \u201ctratan\u201d de disponer las decisiones de mi querido pueblo, pues tienen que lidiar conmigo cuando les digo c\u00f3mo y en qu\u00e9 la andan \u201ccajeteando\u201d.<br \/>\nCONSEJITO<br \/>\nY lo digo por algunos del \u201cconsejito\u201d que desde la semanuca pasada s\u00e9 que andan ah\u00ed medio ardidos porque dije que se la \u201cpersignaron\u201d jejeje y que no se les dio el gusto de que FC se quedara con la seguridad del pueblo como ellos quer\u00edan.<br \/>\nMENTIRAS<br \/>\nY no fueron mentiras raza, o sea ellos lo pidieron y les dijeron desde Gobierno del Estado que \u201cniguas\u201d, pero como desconocedores de estos asuntos, pues se me ofendieron jejeje.<br \/>\nAGRADECIDOS<br \/>\nDeber\u00edan estar aqu\u00ed con su \u201cservilleta\u201d de que los tome en cuenta, porque d\u00e9jenme les digo que no a cualquiera yo le dedico mis letras ni mi tiempo jejejeje, alguno ya quisieran aparecer en este espacio con tal de figurar compis, pero bueno estos salieron con \u201cpiel delgadita\u201d, si siguen as\u00ed no la van aguantar jejeje.<br \/>\nM\u00c1S TELA<br \/>\nY por si fuera poco raza, siguen d\u00e1ndome m\u00e1s tela de donde cortar; ahora de que andan con eso de \u201cdefensores\u201d de los conductores seg\u00fan ellos, jejejeje nada m\u00e1s chusco compis que querer \u201catacar\u201d a la administration con ilegalidades viales.<br \/>\nBLOGGER<br \/>\nY luego mi amiga \u201cConsom\u00e9 \u00c1lvarez\u201d queriendo \u201caconsejar\u201d a la raza a que no paguen la documentaci\u00f3n de sus veh\u00edculos por medio de vide\u00edtos que aparte de mala calidad incitan a un estado sin derecho compis.<br \/>\nIL\u00d3GICO<br \/>\nEs il\u00f3gico que se quiera condicionar una cosa de otra, o que quieran exigir sin cumplir, lo que si queda claro es que estos \u201cpseudo activistas\u201d no saben ni d\u00f3nde est\u00e1n parados jejejeje porque en lugar de estar ayudando a la raza d\u00e1ndoles buenos consejos, los quieres \u201capoyar\u201d dici\u00e9ndoles que no pagar tus responsabilidades es lo \u201cideal\u201d para \u201cpresionar\u201d al Gobierno (de cualquier nivel).<br \/>\nERRADO<br \/>\nNada m\u00e1s errado que eso raza, porque si cumpliendo con nuestra parte se batalla, pues ahora imag\u00ednense que nadie pague lo que se debe, pues vamos a quedar peor de c\u00f3mo estamos \u00bfno creen?<br \/>\nCOYOTES<br \/>\nLo que pasa es que tanto \u201cConsom\u00e9 \u00c1lvarez\u201d como Armando \u201cLa Concha\u201d no saben bien de qu\u00e9 se trata la \u201cpolaca\u201d, adem\u00e1s de que como empresarios (que se dicen ser) creen que la administraci\u00f3n de un municipio y su gente, es como manejar una empresa en la que su fin es generar utilidades, no se\u00f1ores, aqu\u00ed se ocupa saber servir para mejorar la calidad de vida de toda la raza, ricos y pobres, ancianos o ni\u00f1os, no se trata de ver d\u00f3nde ni c\u00f3mo sacar el mayor beneficio posible.<br \/>\nNINGUNA<br \/>\nPorque dentro de los consejos que le dieron al Bigot\u00f3n, no vimos ninguna propuesta orientada a favor de los ni\u00f1os, de su salud, de su educaci\u00f3n, de su formaci\u00f3n, ni de nuestros adultos mayores, tienen una visi\u00f3n muy sesgada de lo que es el deber ser del municipio y con la \u00f3ptica ego\u00edsta de lo que le hace falta al Cadereyta que cada quien llevamos dentro.<br \/>\nAPLAUSOS<br \/>\nY los que si merecen aplausos raza, y no andan de payasos como estos queriendo sentirse los importantes, fue todos los que colaboraron con \u201cCadereyta Paz, Amor y Felicidad\u201d el d\u00eda de ayer, donde juntaron ropa, juguetes y dem\u00e1s para que el DIF Cadereyta y el INJUVE los repartan entre la raza que m\u00e1s los ocupan, esos s\u00ed que se merecen un aplauso compis.<br \/>\nPLAZO<br \/>\nY en otro tema compis, pues hoy el plazo se cumple y ahora le toca ir a declarar al ex alcalde \u201cDe$pre$iado\u201d, ya saben sobre aquello del sobre precio en el terreno de la Uni, as\u00ed como en el tema de los 15 \u201cmelones\u201d que se le dio a una AC, que nom\u00e1s cobraron y se esfumaron jejeje, \u00bfc\u00f3mo lo va a explicar? La neta que no tengo ni la menor idea raza, pero de que estaremos al pendiente, lo estaremos compis.<br \/>\nDESFILE<br \/>\nY pues los dejo porque tengo que irme pero que si volando a disfrazarme para lo del desfile de navidad que esperamos se ponga de poca ma.. ah\u00ed los espero, ya saben que yo siempre ando viendo que todo est\u00e9 en su lugar jejeje \u2026 La vemos.<\/p>\n","protected":false},"excerpt":{"rendered":"<p>Por: El Mapache \u00bfQu\u00e9 me cuentan raza?, pues yo tengo chorros que comentar, y s\u00e9 que a muchos nom\u00e1s no les va a gustar jejeje pero ese es mi jale, hastag con la pena compis, y eso que no les digo las cosas como las pienso jejeje sino de un lepero, vulgar y grosero no [&hellip;]<\/p>\n","protected":false},"author":9,"featured_media":155,"comment_status":"open","ping_status":"closed","sticky":false,"template":"","format":"standard","meta":{"footnotes":""},"categories":[1],"tags":[940],"class_list":["post-5302","post","type-post","status-publish","format-standard","has-post-thumbnail","hentry","category-noticias","tag-el-mapache-la-guarida-del-mapache"],"_links":{"self":[{"href":"https:\/\/laultimapalabra.com.mx\/portal\/wp-json\/wp\/v2\/posts\/5302","targetHints":{"allow":["GET"]}}],"collection":[{"href":"https:\/\/laultimapalabra.com.mx\/portal\/wp-json\/wp\/v2\/posts"}],"about":[{"href":"https:\/\/laultimapalabra.com.mx\/portal\/wp-json\/wp\/v2\/types\/post"}],"author":[{"embeddable":true,"href":"https:\/\/laultimapalabra.com.mx\/portal\/wp-json\/wp\/v2\/users\/9"}],"replies":[{"embeddable":true,"href":"https:\/\/laultimapalabra.com.mx\/portal\/wp-json\/wp\/v2\/comments?post=5302"}],"version-history":[{"count":1,"href":"https:\/\/laultimapalabra.com.mx\/portal\/wp-json\/wp\/v2\/posts\/5302\/revisions"}],"predecessor-version":[{"id":65870,"href":"https:\/\/laultimapalabra.com.mx\/portal\/wp-json\/wp\/v2\/posts\/5302\/revisions\/65870"}],"wp:featuredmedia":[{"embeddable":true,"href":"https:\/\/laultimapalabra.com.mx\/portal\/wp-json\/"}],"wp:attachment":[{"href":"https:\/\/laultimapalabra.com.mx\/portal\/wp-json\/wp\/v2\/media?parent=5302"}],"wp:term":[{"taxonomy":"category","embeddable":true,"href":"https:\/\/laultimapalabra.com.mx\/portal\/wp-json\/wp\/v2\/categories?post=5302"},{"taxonomy":"post_tag","embeddable":true,"href":"https:\/\/laultimapalabra.com.mx\/portal\/wp-json\/wp\/v2\/tags?post=5302"}],"curies":[{"name":"wp","href":"https:\/\/api.w.org\/{rel}","templated":true}]}}