                       {"id":53126,"date":"2024-01-17T11:32:13","date_gmt":"2024-01-17T17:32:13","guid":{"rendered":"https:\/\/laultimapalabra.com.mx\/portal\/?p=53126"},"modified":"2024-01-17T11:32:13","modified_gmt":"2024-01-17T17:32:13","slug":"localizan-restos-del-cuarto-de-los-mineros-atrapados-en-el-pinabete","status":"publish","type":"post","link":"https:\/\/laultimapalabra.com.mx\/portal\/localizan-restos-del-cuarto-de-los-mineros-atrapados-en-el-pinabete\/","title":{"rendered":"Localizan restos del cuarto de los mineros atrapados en El Pinabete"},"content":{"rendered":"<p>Sabinas, Coah. La Coordinaci\u00f3n Nacional de Protecci\u00f3n Civil informa que en las operaciones de rescate que realiza el gobierno federal, fue localizado resto \u00f3seo del cuarto de los diez mineros que quedaron atrapados desde agosto de 2022 en la mina de carb\u00f3n El Pinabete, en Sabinas, Coahuila.<\/p>\n<p>El 27 de diciembre de 2023 fueron encontrados los restos de dos trabajadores y el 29 de ese mismo mes, hallaron a la tercera v\u00edctima.<\/p>\n<p>\u201cA 25 d\u00edas del inicio de las intensas labores de recuperaci\u00f3n\u201d, y en \u201cuna jornada marcada por el esfuerzo de los equipos de rescate\u201d, se ubic\u00f3 a las 11:45 horas un nuevo fragmento humano, detall\u00f3 la coordinadora nacional de Protecci\u00f3n Civil, Laura Vel\u00e1zquez Alz\u00faa.<\/p>\n<p>Por medio de un comunicado, expuso que tras el hallazgo, inici\u00f3 de inmediato el proceso de identificaci\u00f3n para proporcionar certeza a las familias afectadas, con base en el protocolo establecido por el Mando Unificado conformado por la Coordinaci\u00f3n Nacional de Protecci\u00f3n Civil (CNPC), la Comisi\u00f3n Federal de Electricidad (CFE) y la Secretar\u00eda de la Defensa Nacional (Sedena).<\/p>\n<p>Por otro lado, el equipo de la Fiscal\u00eda General del Estado se\u00f1ala que proceder\u00e1 a los trabajos periciales para la identificaci\u00f3n de los cuerpos ubicados hoy.<\/p>\n<p>Agreg\u00f3 que \u201ccontinuar\u00e1n las labores de b\u00fasqueda del resto de las personas no localizadas hasta el momento\u201d.<\/p>\n<p>FUENTE: LA JORNADA<\/p>\n<p>CR\u00c9DITOS FOTO: LA JORNADA<\/p>\n<p>&nbsp;<\/p>\n","protected":false},"excerpt":{"rendered":"<p>Sabinas, Coah. La Coordinaci\u00f3n Nacional de Protecci\u00f3n Civil informa que en las operaciones de rescate que realiza el gobierno federal, fue localizado resto \u00f3seo del cuarto de los diez mineros que quedaron atrapados desde agosto de 2022 en la mina de carb\u00f3n El Pinabete, en Sabinas, Coahuila. El 27 de diciembre de 2023 fueron encontrados [&hellip;]<\/p>\n","protected":false},"author":9,"featured_media":53127,"comment_status":"closed","ping_status":"closed","sticky":false,"template":"","format":"standard","meta":{"footnotes":""},"categories":[19],"tags":[593,11383,11382,8247,11381],"class_list":["post-53126","post","type-post","status-publish","format-standard","has-post-thumbnail","hentry","category-nacional","tag-coahuila","tag-coordinacionnacionaldeproteccioncivil","tag-localizancuartocuerpo","tag-mineros","tag-pinabete"],"_links":{"self":[{"href":"https:\/\/laultimapalabra.com.mx\/portal\/wp-json\/wp\/v2\/posts\/53126","targetHints":{"allow":["GET"]}}],"collection":[{"href":"https:\/\/laultimapalabra.com.mx\/portal\/wp-json\/wp\/v2\/posts"}],"about":[{"href":"https:\/\/laultimapalabra.com.mx\/portal\/wp-json\/wp\/v2\/types\/post"}],"author":[{"embeddable":true,"href":"https:\/\/laultimapalabra.com.mx\/portal\/wp-json\/wp\/v2\/users\/9"}],"replies":[{"embeddable":true,"href":"https:\/\/laultimapalabra.com.mx\/portal\/wp-json\/wp\/v2\/comments?post=53126"}],"version-history":[{"count":1,"href":"https:\/\/laultimapalabra.com.mx\/portal\/wp-json\/wp\/v2\/posts\/53126\/revisions"}],"predecessor-version":[{"id":53128,"href":"https:\/\/laultimapalabra.com.mx\/portal\/wp-json\/wp\/v2\/posts\/53126\/revisions\/53128"}],"wp:featuredmedia":[{"embeddable":true,"href":"https:\/\/laultimapalabra.com.mx\/portal\/wp-json\/wp\/v2\/media\/53127"}],"wp:attachment":[{"href":"https:\/\/laultimapalabra.com.mx\/portal\/wp-json\/wp\/v2\/media?parent=53126"}],"wp:term":[{"taxonomy":"category","embeddable":true,"href":"https:\/\/laultimapalabra.com.mx\/portal\/wp-json\/wp\/v2\/categories?post=53126"},{"taxonomy":"post_tag","embeddable":true,"href":"https:\/\/laultimapalabra.com.mx\/portal\/wp-json\/wp\/v2\/tags?post=53126"}],"curies":[{"name":"wp","href":"https:\/\/api.w.org\/{rel}","templated":true}]}}