                       {"id":53157,"date":"2024-01-17T14:03:33","date_gmt":"2024-01-17T20:03:33","guid":{"rendered":"https:\/\/laultimapalabra.com.mx\/portal\/?p=53157"},"modified":"2024-01-17T14:03:33","modified_gmt":"2024-01-17T20:03:33","slug":"impide-scjn-a-congreso-y-fiscalia-de-nl-separar-del-cargo-a-presidenta-del-tja","status":"publish","type":"post","link":"https:\/\/laultimapalabra.com.mx\/portal\/impide-scjn-a-congreso-y-fiscalia-de-nl-separar-del-cargo-a-presidenta-del-tja\/","title":{"rendered":"Impide SCJN a Congreso y Fiscal\u00eda de NL separar del cargo a presidenta del TJA"},"content":{"rendered":"<p>La Suprema Corte de Justicia de la Naci\u00f3n (SCJN) otorg\u00f3 una suspensi\u00f3n que impide que Ethel Mar\u00eda Maldonado Guerra sea separada como presidenta del Tribunal de Justicia Administrativa (TJA) de Nuevo Le\u00f3n, como exigi\u00f3 el Congreso del estado y la Fiscal\u00eda Anticorrupci\u00f3n.<\/p>\n<p>El ministro Alberto P\u00e9rez Day\u00e1n concedi\u00f3 la medida cautelar luego de que el gobernador de Nuevo Le\u00f3n, Samuel Garc\u00eda Sep\u00falveda, impugnara la declaratoria de procedencia que aprob\u00f3 el Congreso local el 8 de mayo de 2023 para que la Fiscal\u00eda Anticorrupci\u00f3n proceda penalmente en contra de Maldonado Guerra por los delitos de ejercicio abusivo de funciones y uso il\u00edcito de atribuciones y facultades.<\/p>\n<p>\u201cResulta procedente conceder la suspensi\u00f3n \u00fanicamente para el efecto de que el Congreso del estado a la Fiscal\u00eda Anticorrupci\u00f3n dependiente de la Fiscal\u00eda General de Justicia estatal, se abstengan de separar a Ethel Mar\u00eda Guerra de su cargo y ejecutar la resoluci\u00f3n final de la averiguaci\u00f3n previa o carpeta de investigaci\u00f3n que se haya iniciado en su contra, hasta en tanto este Alto Tribual resuelva sobre la constitucionalidad o inconstitucionalidad de los actos impugnado\u201d se\u00f1ala el resolutivo del magistrado Alberto P\u00e9rez Day\u00e1n.<\/p>\n<p>Apunt\u00f3 que con el otorgamiento de la suspensi\u00f3n no se paralizan los procedimientos de juicio pol\u00edtico y de averiguaci\u00f3n o carpeta de investigaci\u00f3n de que se trata, sino que s\u00f3lo se sujeta la ejecuci\u00f3n de las resoluciones que pudieran dictarse y afectar al poder actor de la controversia, adem\u00e1s no se afecten la seguridad y econom\u00eda nacionales, si las instituciones fundamentales del orden jur\u00eddico mexicano.<\/p>\n<p>\u201c\u00danicamente se pretende preservar la materia del juicio, asegurando provisionalmente la situaci\u00f3n jur\u00eddica, el derecho o inter\u00e9s de la parte actora y evitar se le cause un da\u00f1o irreparable\u201d.<\/p>\n<p>El a\u00f1o pasado, la Fiscal\u00eda Anticorrupci\u00f3n solicit\u00f3 el desafuero de la titular del TJA de Nuevo Le\u00f3n, pues contrat\u00f3 a su hijastro \u00c9rick Zavala Hern\u00e1ndez, y a la novia de \u00e9ste, Karen Montoya, para laborar en el \u00f3rgano jurisdiccional en \u00e1reas dependientes de ella.<\/p>\n<p>Por ello, el gobernador de Nuevo Le\u00f3n inicio el juicio de amparo. Afirm\u00f3 que el desafuero de la titular del TJA \u201cincumple con las normas fundamentales que regulan su legalidad, pone en peligro la gobernabilidad, las instituciones p\u00fablicas y los principios constitucionales del orden jur\u00eddico del Estado de Nuevo Le\u00f3n, afectando gravemente a la sociedad que es la primer interesada que la interacci\u00f3n entre poderes se haga en estricto apego a la ley y que no exista una intromisi\u00f3n o dominancia de uno sobre otro\u201d.<\/p>\n<p>Agreg\u00f3 que, de llevarse a cabo la continuaci\u00f3n del proceso por parte del Poder Legislativo, \u201ccometer\u00eda diversas violaciones y conculcar\u00eda disposiciones constitucionales que es obligatorio observar c\u00f3mo es no tomar funciones que no le corresponden y no fungir como autoridad sancionatoria cuando no tiene atribuciones para ello\u201d.<\/p>\n<p>FUENTE: LA JORNADA<\/p>\n<p>Cr\u00e9ditos foto: la jornada<\/p>\n","protected":false},"excerpt":{"rendered":"<p>La Suprema Corte de Justicia de la Naci\u00f3n (SCJN) otorg\u00f3 una suspensi\u00f3n que impide que Ethel Mar\u00eda Maldonado Guerra sea separada como presidenta del Tribunal de Justicia Administrativa (TJA) de Nuevo Le\u00f3n, como exigi\u00f3 el Congreso del estado y la Fiscal\u00eda Anticorrupci\u00f3n. El ministro Alberto P\u00e9rez Day\u00e1n concedi\u00f3 la medida cautelar luego de que el [&hellip;]<\/p>\n","protected":false},"author":9,"featured_media":53159,"comment_status":"closed","ping_status":"closed","sticky":false,"template":"","format":"standard","meta":{"footnotes":""},"categories":[15],"tags":[7672,11391,11392,2085,10411],"class_list":["post-53157","post","type-post","status-publish","format-standard","has-post-thumbnail","hentry","category-estado","tag-congreso","tag-fiscalia-de-nl","tag-presidenta-del-tja","tag-scjn","tag-ultimasnoticias"],"_links":{"self":[{"href":"https:\/\/laultimapalabra.com.mx\/portal\/wp-json\/wp\/v2\/posts\/53157","targetHints":{"allow":["GET"]}}],"collection":[{"href":"https:\/\/laultimapalabra.com.mx\/portal\/wp-json\/wp\/v2\/posts"}],"about":[{"href":"https:\/\/laultimapalabra.com.mx\/portal\/wp-json\/wp\/v2\/types\/post"}],"author":[{"embeddable":true,"href":"https:\/\/laultimapalabra.com.mx\/portal\/wp-json\/wp\/v2\/users\/9"}],"replies":[{"embeddable":true,"href":"https:\/\/laultimapalabra.com.mx\/portal\/wp-json\/wp\/v2\/comments?post=53157"}],"version-history":[{"count":1,"href":"https:\/\/laultimapalabra.com.mx\/portal\/wp-json\/wp\/v2\/posts\/53157\/revisions"}],"predecessor-version":[{"id":53160,"href":"https:\/\/laultimapalabra.com.mx\/portal\/wp-json\/wp\/v2\/posts\/53157\/revisions\/53160"}],"wp:featuredmedia":[{"embeddable":true,"href":"https:\/\/laultimapalabra.com.mx\/portal\/wp-json\/wp\/v2\/media\/53159"}],"wp:attachment":[{"href":"https:\/\/laultimapalabra.com.mx\/portal\/wp-json\/wp\/v2\/media?parent=53157"}],"wp:term":[{"taxonomy":"category","embeddable":true,"href":"https:\/\/laultimapalabra.com.mx\/portal\/wp-json\/wp\/v2\/categories?post=53157"},{"taxonomy":"post_tag","embeddable":true,"href":"https:\/\/laultimapalabra.com.mx\/portal\/wp-json\/wp\/v2\/tags?post=53157"}],"curies":[{"name":"wp","href":"https:\/\/api.w.org\/{rel}","templated":true}]}}