                       {"id":53231,"date":"2024-01-18T14:04:33","date_gmt":"2024-01-18T20:04:33","guid":{"rendered":"https:\/\/laultimapalabra.com.mx\/portal\/?p=53231"},"modified":"2024-01-18T14:04:33","modified_gmt":"2024-01-18T20:04:33","slug":"sentencian-a-109-anos-de-prision-a-integrante-de-la-familia-michoacana","status":"publish","type":"post","link":"https:\/\/laultimapalabra.com.mx\/portal\/sentencian-a-109-anos-de-prision-a-integrante-de-la-familia-michoacana\/","title":{"rendered":"Sentencian a 109 a\u00f1os de prisi\u00f3n a integrante de La Familia Michoacana"},"content":{"rendered":"<p>La Fiscal\u00eda Especializada en Materia de Delincuencia Organizada (FEMDO) obtuvo sentencia condenatoria de 109 a\u00f1os de prisi\u00f3n en contra de un integrante de La Familia Michoacana que fue declarado culpable en los delitos de secuestro agravado, portaci\u00f3n de arma de fuego de uso exclusivo del Ej\u00e9rcito, Armada y Fuerza A\u00e9rea, y utilizaci\u00f3n de veh\u00edculo robado en la comisi\u00f3n de otro u otros delitos.<\/p>\n<p>De acuerdo con la informaci\u00f3n dada a conocer por la Procuradur\u00eda General de la Rep\u00fablica (FGR), en octubre de 2011, elementos de la extinta Polic\u00eda Federal detuvieron al hoy sentenciado en un inmueble donde custodiaba a personas privadas de su libertad, ubicado en Chimalhuac\u00e1n, Estado de M\u00e9xico, se le asegur\u00f3 diverso material b\u00e9lico y narc\u00f3tico, y declar\u00f3 formar parte de un grupo delictivo conocido.<\/p>\n<p>Seg\u00fan registros del Poder Judicial de la Federaci\u00f3n, el sentenciado fue identificado como Jos\u00e9 S\u00e1nchez en contra de quien el Ministerio P\u00fablico de la Federaci\u00f3n, \u201caport\u00f3 los elementos de prueba suficientes para que el Juzgado Sexto de Distrito, dictara sentencia condenatoria de 109 a\u00f1os de prisi\u00f3n y el pago de 484 mil 601 pesos de multa\u201d.<\/p>\n<p>El sentenciado fue recluido en el Centro Federal de Readaptaci\u00f3n Social N\u00famero 5 \u201cOriente\u201d, en Veracruz, ubicado en Villa Aldama.<\/p>\n<p>FUENTE: LA JORNADA<\/p>\n<p>Cr\u00e9ditos foto: la jornada<\/p>\n","protected":false},"excerpt":{"rendered":"<p>La Fiscal\u00eda Especializada en Materia de Delincuencia Organizada (FEMDO) obtuvo sentencia condenatoria de 109 a\u00f1os de prisi\u00f3n en contra de un integrante de La Familia Michoacana que fue declarado culpable en los delitos de secuestro agravado, portaci\u00f3n de arma de fuego de uso exclusivo del Ej\u00e9rcito, Armada y Fuerza A\u00e9rea, y utilizaci\u00f3n de veh\u00edculo robado [&hellip;]<\/p>\n","protected":false},"author":9,"featured_media":53232,"comment_status":"closed","ping_status":"closed","sticky":false,"template":"","format":"standard","meta":{"footnotes":""},"categories":[19],"tags":[9791,3914,11412,10411],"class_list":["post-53231","post","type-post","status-publish","format-standard","has-post-thumbnail","hentry","category-nacional","tag-familiamichoacana","tag-prision","tag-sentenciade109anos","tag-ultimasnoticias"],"_links":{"self":[{"href":"https:\/\/laultimapalabra.com.mx\/portal\/wp-json\/wp\/v2\/posts\/53231","targetHints":{"allow":["GET"]}}],"collection":[{"href":"https:\/\/laultimapalabra.com.mx\/portal\/wp-json\/wp\/v2\/posts"}],"about":[{"href":"https:\/\/laultimapalabra.com.mx\/portal\/wp-json\/wp\/v2\/types\/post"}],"author":[{"embeddable":true,"href":"https:\/\/laultimapalabra.com.mx\/portal\/wp-json\/wp\/v2\/users\/9"}],"replies":[{"embeddable":true,"href":"https:\/\/laultimapalabra.com.mx\/portal\/wp-json\/wp\/v2\/comments?post=53231"}],"version-history":[{"count":1,"href":"https:\/\/laultimapalabra.com.mx\/portal\/wp-json\/wp\/v2\/posts\/53231\/revisions"}],"predecessor-version":[{"id":53233,"href":"https:\/\/laultimapalabra.com.mx\/portal\/wp-json\/wp\/v2\/posts\/53231\/revisions\/53233"}],"wp:featuredmedia":[{"embeddable":true,"href":"https:\/\/laultimapalabra.com.mx\/portal\/wp-json\/wp\/v2\/media\/53232"}],"wp:attachment":[{"href":"https:\/\/laultimapalabra.com.mx\/portal\/wp-json\/wp\/v2\/media?parent=53231"}],"wp:term":[{"taxonomy":"category","embeddable":true,"href":"https:\/\/laultimapalabra.com.mx\/portal\/wp-json\/wp\/v2\/categories?post=53231"},{"taxonomy":"post_tag","embeddable":true,"href":"https:\/\/laultimapalabra.com.mx\/portal\/wp-json\/wp\/v2\/tags?post=53231"}],"curies":[{"name":"wp","href":"https:\/\/api.w.org\/{rel}","templated":true}]}}