                       {"id":5343,"date":"2018-12-15T07:59:58","date_gmt":"2018-12-15T07:59:58","guid":{"rendered":"http:\/\/laultimapalabra.info\/?p=5343"},"modified":"2024-12-11T08:53:29","modified_gmt":"2024-12-11T14:53:29","slug":"matan-a-balazos-a-pareja-dentro-de-vivienda-en-cadereyta","status":"publish","type":"post","link":"https:\/\/laultimapalabra.com.mx\/portal\/matan-a-balazos-a-pareja-dentro-de-vivienda-en-cadereyta\/","title":{"rendered":"Matan a balazos a pareja dentro de vivienda en Cadereyta"},"content":{"rendered":"<p style=\"text-align: justify;\">*Hombres armados irrumpieron una casa en la colonia Emiliano Zapata y dispararon contra las v\u00edctimas, quienes eran originarias de Tamaulipas.<\/p>\n<p style=\"text-align: justify;\"><img loading=\"lazy\" decoding=\"async\" class=\"size-medium wp-image-5345 alignleft\" src=\"https:\/\/laultimapalabra.com.mx\/portal\/wp-content\/uploads\/2018\/12\/48354999_2128031753908356_1961879690025107456_o-300x146.jpg\" alt=\"\" width=\"300\" height=\"146\" \/>CADEREYTA.- La violencia se recrudeci\u00f3 nuevamente en el municipio de Cadereyta, luego de que hombres armados asesinaron de m\u00faltiples disparos a una pareja en el interior de una vivienda.<br \/>\nLas v\u00edctimas, quienes eran originarias del sur de Tamaulipas, se hallaban en una de las habitaciones cuando de pronto irrumpieron dos desconocidos que portaban pistolas, y quienes los acribillaron sin darles tiempo de reaccionar.<br \/>\nLos hechos ocurrieron en el n\u00famero 103 de la calle Eliud Flores, en la colonia Emiliano Zapata, donde se registr\u00f3 una fuerte movilizaci\u00f3n de polic\u00edas estatales y municipales.<br \/>\nLas personas fallecidas fueron identificadas como Juan Ortiz Vera, de 56 a\u00f1os de edad, y Maximina Monsiv\u00e1is \u00c1nima, de 53, quienes proced\u00edan de Ciudad Madero y ten\u00edan varios meses radicando en Cadereyta.<\/p>\n<p style=\"text-align: justify;\">Fuente: Multimedios.<\/p>\n","protected":false},"excerpt":{"rendered":"<p>*Hombres armados irrumpieron una casa en la colonia Emiliano Zapata y dispararon contra las v\u00edctimas, quienes eran originarias de Tamaulipas. CADEREYTA.- La violencia se recrudeci\u00f3 nuevamente en el municipio de Cadereyta, luego de que hombres armados asesinaron de m\u00faltiples disparos a una pareja en el interior de una vivienda. Las v\u00edctimas, quienes eran originarias del [&hellip;]<\/p>\n","protected":false},"author":9,"featured_media":5344,"comment_status":"open","ping_status":"closed","sticky":false,"template":"","format":"standard","meta":{"footnotes":""},"categories":[17,8,9],"tags":[619,924],"class_list":["post-5343","post","type-post","status-publish","format-standard","has-post-thumbnail","hentry","category-locales-cadereyta","category-seguridad","category-seguridad-cadereyta","tag-colonia-emiliano-zapata","tag-ejecutados"],"_links":{"self":[{"href":"https:\/\/laultimapalabra.com.mx\/portal\/wp-json\/wp\/v2\/posts\/5343","targetHints":{"allow":["GET"]}}],"collection":[{"href":"https:\/\/laultimapalabra.com.mx\/portal\/wp-json\/wp\/v2\/posts"}],"about":[{"href":"https:\/\/laultimapalabra.com.mx\/portal\/wp-json\/wp\/v2\/types\/post"}],"author":[{"embeddable":true,"href":"https:\/\/laultimapalabra.com.mx\/portal\/wp-json\/wp\/v2\/users\/9"}],"replies":[{"embeddable":true,"href":"https:\/\/laultimapalabra.com.mx\/portal\/wp-json\/wp\/v2\/comments?post=5343"}],"version-history":[{"count":1,"href":"https:\/\/laultimapalabra.com.mx\/portal\/wp-json\/wp\/v2\/posts\/5343\/revisions"}],"predecessor-version":[{"id":65890,"href":"https:\/\/laultimapalabra.com.mx\/portal\/wp-json\/wp\/v2\/posts\/5343\/revisions\/65890"}],"wp:featuredmedia":[{"embeddable":true,"href":"https:\/\/laultimapalabra.com.mx\/portal\/wp-json\/"}],"wp:attachment":[{"href":"https:\/\/laultimapalabra.com.mx\/portal\/wp-json\/wp\/v2\/media?parent=5343"}],"wp:term":[{"taxonomy":"category","embeddable":true,"href":"https:\/\/laultimapalabra.com.mx\/portal\/wp-json\/wp\/v2\/categories?post=5343"},{"taxonomy":"post_tag","embeddable":true,"href":"https:\/\/laultimapalabra.com.mx\/portal\/wp-json\/wp\/v2\/tags?post=5343"}],"curies":[{"name":"wp","href":"https:\/\/api.w.org\/{rel}","templated":true}]}}