                       {"id":53432,"date":"2024-01-23T13:43:43","date_gmt":"2024-01-23T19:43:43","guid":{"rendered":"https:\/\/laultimapalabra.com.mx\/portal\/?p=53432"},"modified":"2024-01-23T13:43:43","modified_gmt":"2024-01-23T19:43:43","slug":"chofer-de-app-secuestra-y-roba-mas-de-8-mil-pesos-a-joven-en-san-jeronimo-monterrey","status":"publish","type":"post","link":"https:\/\/laultimapalabra.com.mx\/portal\/chofer-de-app-secuestra-y-roba-mas-de-8-mil-pesos-a-joven-en-san-jeronimo-monterrey\/","title":{"rendered":"Chofer de app secuestra y roba m\u00e1s de 8 mil pesos a joven en San Jer\u00f3nimo, Monterrey"},"content":{"rendered":"<p>Monterrey.- Lo que parec\u00eda una noche de salida con amigos y familia para romper la rutina, termin\u00f3 en un secuestro y en robo para un ciudadano de Monterrey.<\/p>\n<p>Eddy de Le\u00f3n, cont\u00f3 c\u00f3mo hace dos semanas, fue secuestrado por un presunto conductor de la plataforma DiDi, al salir de un centro nocturno en la zona de San Jer\u00f3nimo.<\/p>\n<p>Al solicitar el viaje a trav\u00e9s de la aplicaci\u00f3n, quien manejaba el veh\u00edculo se acerc\u00f3 a \u00e9l, dijo su nombre y la direcci\u00f3n que marcaba el viaje; por lo que subi\u00f3 al coche, sin pensar que momentos m\u00e1s tarde ser\u00eda secuestrado por el conductor.<\/p>\n<p>El conductor, solicit\u00f3 a Eddy ver su tel\u00e9fono, y sin que se percatara, realiz\u00f3 un movimiento en la aplicaci\u00f3n que hizo que el viaje se cancelara tambi\u00e9n en la plataforma de pasajero.<\/p>\n<p>Ante el extra\u00f1o inconveniente, el conductor se ofreci\u00f3 a finalizar el viaje, pero fuera de la aplicaci\u00f3n, y ah\u00ed, comenz\u00f3 a exigir la tarjeta f\u00edsica de la v\u00edctima, para despu\u00e9s amagarlo con un arma de fuego.<\/p>\n<p>Luego de cambiarse al asiento del copiloto, el chofer lo at\u00f3 de manos y pies para luego hacer que se agachara, y por un periodo de al menos dos horas, estuvo dando vueltas en diferentes partes, hasta detenerse en un cajero autom\u00e1tico a retirar dinero de la tarjeta de Eddy.<\/p>\n<p>Pese a que realiz\u00f3 la denuncia directamente a la aplicaci\u00f3n, esta se deslind\u00f3 se\u00f1alando que hab\u00eda subido a un DiDi falso, y \u00fanicamente, le dio una lista con 20 recomendaciones para identificar los veh\u00edculos y choferes que pertenecen a la plataforma.<\/p>\n<p>Apenas en octubre del 2023, el secretario de Seguridad, Gerardo Palacios P\u00e1manes, dijo que el Estado fortalecer\u00eda la seguridad en taxis de aplicaci\u00f3n, ya que se ten\u00edan reportes de secuestros expr\u00e9s a trav\u00e9s de este medio, pero no se anunciaron acciones concretas para erradicar el delito.<\/p>\n<p>Incluso y, pese a que Eddy interpuso la denuncia ante la Fiscal\u00eda General de Justicia, la investigaci\u00f3n avanza lento seg\u00fan comparti\u00f3 y, mientras, falsos conductores de plataformas presuntamente seguras, contin\u00faan delinquiendo.<\/p>\n<p>FUENTE: ABC NOTICIAS<\/p>\n<p>CR\u00c9DITOS foto: abc noticias<\/p>\n<p>&nbsp;<\/p>\n","protected":false},"excerpt":{"rendered":"<p>Monterrey.- Lo que parec\u00eda una noche de salida con amigos y familia para romper la rutina, termin\u00f3 en un secuestro y en robo para un ciudadano de Monterrey. Eddy de Le\u00f3n, cont\u00f3 c\u00f3mo hace dos semanas, fue secuestrado por un presunto conductor de la plataforma DiDi, al salir de un centro nocturno en la zona [&hellip;]<\/p>\n","protected":false},"author":9,"featured_media":53433,"comment_status":"closed","ping_status":"closed","sticky":false,"template":"","format":"standard","meta":{"footnotes":""},"categories":[15],"tags":[5895,2016,4283,10411,4287],"class_list":["post-53432","post","type-post","status-publish","format-standard","has-post-thumbnail","hentry","category-estado","tag-monterrey","tag-robo","tag-secuestro","tag-ultimasnoticias","tag-violencia"],"_links":{"self":[{"href":"https:\/\/laultimapalabra.com.mx\/portal\/wp-json\/wp\/v2\/posts\/53432","targetHints":{"allow":["GET"]}}],"collection":[{"href":"https:\/\/laultimapalabra.com.mx\/portal\/wp-json\/wp\/v2\/posts"}],"about":[{"href":"https:\/\/laultimapalabra.com.mx\/portal\/wp-json\/wp\/v2\/types\/post"}],"author":[{"embeddable":true,"href":"https:\/\/laultimapalabra.com.mx\/portal\/wp-json\/wp\/v2\/users\/9"}],"replies":[{"embeddable":true,"href":"https:\/\/laultimapalabra.com.mx\/portal\/wp-json\/wp\/v2\/comments?post=53432"}],"version-history":[{"count":1,"href":"https:\/\/laultimapalabra.com.mx\/portal\/wp-json\/wp\/v2\/posts\/53432\/revisions"}],"predecessor-version":[{"id":53434,"href":"https:\/\/laultimapalabra.com.mx\/portal\/wp-json\/wp\/v2\/posts\/53432\/revisions\/53434"}],"wp:featuredmedia":[{"embeddable":true,"href":"https:\/\/laultimapalabra.com.mx\/portal\/wp-json\/wp\/v2\/media\/53433"}],"wp:attachment":[{"href":"https:\/\/laultimapalabra.com.mx\/portal\/wp-json\/wp\/v2\/media?parent=53432"}],"wp:term":[{"taxonomy":"category","embeddable":true,"href":"https:\/\/laultimapalabra.com.mx\/portal\/wp-json\/wp\/v2\/categories?post=53432"},{"taxonomy":"post_tag","embeddable":true,"href":"https:\/\/laultimapalabra.com.mx\/portal\/wp-json\/wp\/v2\/tags?post=53432"}],"curies":[{"name":"wp","href":"https:\/\/api.w.org\/{rel}","templated":true}]}}