                       {"id":53493,"date":"2024-01-24T11:21:38","date_gmt":"2024-01-24T17:21:38","guid":{"rendered":"https:\/\/laultimapalabra.com.mx\/portal\/?p=53493"},"modified":"2024-01-24T13:57:42","modified_gmt":"2024-01-24T19:57:42","slug":"mujer-y-sus-hijos-resultan-lesionados-tras-chocar-contra-camion-en-el-centro-de-monterrey","status":"publish","type":"post","link":"https:\/\/laultimapalabra.com.mx\/portal\/mujer-y-sus-hijos-resultan-lesionados-tras-chocar-contra-camion-en-el-centro-de-monterrey\/","title":{"rendered":"Mujer y sus hijos resultan lesionados tras chocar contra cami\u00f3n en el Centro de Monterrey"},"content":{"rendered":"<p>Una mujer y sus dos hijos peque\u00f1os resultaron lesionados luego de que su autom\u00f3vil fuera impactado por un cami\u00f3n urbano en el Centro de Monterrey.<\/p>\n<p>El accidente sucedi\u00f3 durante la ma\u00f1ana de este mi\u00e9rcoles 24 de enero en el cruce de las calles Santiago Tapia y Porfirio D\u00edaz, luego de que presuntamente la conductora no respetara un se\u00f1alamiento de alto.<\/p>\n<p>De acuerdo al reporte de las autoridades, el veh\u00edculo Chevrolet Sonic color gris que era conducido por una mujer, circulaba hacia el norte por la calle Porfirio D\u00edaz, sin embargo, al hacer caso omiso a un se\u00f1alamiento de alto, \u00e9ste fue impactado por una unidad de la Ruta 13, el cual termin\u00f3 por proyectarlo hacia una banqueta.<\/p>\n<p>Tras el choque de crucero, la mujer de entre 35 y 40 a\u00f1os result\u00f3 lesionada, as\u00ed como sus hijos, de aproximadamente 4 y 11 a\u00f1os de edad, quienes terminaron con algunos traumatismos que no ponen en riesgo su vida.<\/p>\n<p>Afortunadamente en el cami\u00f3n urbano viajaban pocos pasajeros y ninguno result\u00f3 afectado.<\/p>\n<p>Al sitio acudieron elementos de Protecci\u00f3n Civil de Monterrey y del Estado, as\u00ed como param\u00e9dicos de la Cruz Roja para brindar atenci\u00f3n m\u00e9dica a la madre y sus hijos.<\/p>\n<p>FUENTE: TELEDIARIO<\/p>\n<p>&nbsp;<\/p>\n","protected":false},"excerpt":{"rendered":"<p>Una mujer y sus dos hijos peque\u00f1os resultaron lesionados luego de que su autom\u00f3vil fuera impactado por un cami\u00f3n urbano en el Centro de Monterrey. El accidente sucedi\u00f3 durante la ma\u00f1ana de este mi\u00e9rcoles 24 de enero en el cruce de las calles Santiago Tapia y Porfirio D\u00edaz, luego de que presuntamente la conductora no [&hellip;]<\/p>\n","protected":false},"author":9,"featured_media":53495,"comment_status":"closed","ping_status":"closed","sticky":false,"template":"","format":"standard","meta":{"footnotes":""},"categories":[15],"tags":[10766,541,4315,10478,10411],"class_list":["post-53493","post","type-post","status-publish","format-standard","has-post-thumbnail","hentry","category-estado","tag-camionurbano","tag-choque","tag-lesionados","tag-sepasaalto","tag-ultimasnoticias"],"_links":{"self":[{"href":"https:\/\/laultimapalabra.com.mx\/portal\/wp-json\/wp\/v2\/posts\/53493","targetHints":{"allow":["GET"]}}],"collection":[{"href":"https:\/\/laultimapalabra.com.mx\/portal\/wp-json\/wp\/v2\/posts"}],"about":[{"href":"https:\/\/laultimapalabra.com.mx\/portal\/wp-json\/wp\/v2\/types\/post"}],"author":[{"embeddable":true,"href":"https:\/\/laultimapalabra.com.mx\/portal\/wp-json\/wp\/v2\/users\/9"}],"replies":[{"embeddable":true,"href":"https:\/\/laultimapalabra.com.mx\/portal\/wp-json\/wp\/v2\/comments?post=53493"}],"version-history":[{"count":2,"href":"https:\/\/laultimapalabra.com.mx\/portal\/wp-json\/wp\/v2\/posts\/53493\/revisions"}],"predecessor-version":[{"id":53517,"href":"https:\/\/laultimapalabra.com.mx\/portal\/wp-json\/wp\/v2\/posts\/53493\/revisions\/53517"}],"wp:featuredmedia":[{"embeddable":true,"href":"https:\/\/laultimapalabra.com.mx\/portal\/wp-json\/wp\/v2\/media\/53495"}],"wp:attachment":[{"href":"https:\/\/laultimapalabra.com.mx\/portal\/wp-json\/wp\/v2\/media?parent=53493"}],"wp:term":[{"taxonomy":"category","embeddable":true,"href":"https:\/\/laultimapalabra.com.mx\/portal\/wp-json\/wp\/v2\/categories?post=53493"},{"taxonomy":"post_tag","embeddable":true,"href":"https:\/\/laultimapalabra.com.mx\/portal\/wp-json\/wp\/v2\/tags?post=53493"}],"curies":[{"name":"wp","href":"https:\/\/api.w.org\/{rel}","templated":true}]}}