                       {"id":53506,"date":"2024-01-24T11:42:14","date_gmt":"2024-01-24T17:42:14","guid":{"rendered":"https:\/\/laultimapalabra.com.mx\/portal\/?p=53506"},"modified":"2024-01-24T11:44:49","modified_gmt":"2024-01-24T17:44:49","slug":"detienen-a-tres-polleros-y-rescatan-a-16-migrantes","status":"publish","type":"post","link":"https:\/\/laultimapalabra.com.mx\/portal\/detienen-a-tres-polleros-y-rescatan-a-16-migrantes\/","title":{"rendered":"Detienen a tres &#8220;polleros&#8221; y rescatan a 16 migrantes"},"content":{"rendered":"<p>Cadereyta Jim\u00e9nez, N.L.- La noche del martes, elementos de la Polic\u00eda Municipal, lograron la detenci\u00f3n de tres hombres que trasladaban a 16 indocumentados hacinados en una camioneta en una camioneta, en el municipio de Cadereyta.<\/p>\n<p>&nbsp;<\/p>\n<p>&nbsp;<\/p>\n<p>&nbsp;<\/p>\n<p>&nbsp;<\/p>\n<p><img loading=\"lazy\" decoding=\"async\" class=\"alignnone size-medium wp-image-53509\" src=\"https:\/\/laultimapalabra.com.mx\/portal\/wp-content\/uploads\/2024\/01\/Picsart_24-01-24_11-43-55-318-300x129.jpg\" alt=\"\" width=\"300\" height=\"129\" srcset=\"https:\/\/laultimapalabra.com.mx\/portal\/wp-content\/uploads\/2024\/01\/Picsart_24-01-24_11-43-55-318-300x129.jpg 300w, https:\/\/laultimapalabra.com.mx\/portal\/wp-content\/uploads\/2024\/01\/Picsart_24-01-24_11-43-55-318-1024x442.jpg 1024w, https:\/\/laultimapalabra.com.mx\/portal\/wp-content\/uploads\/2024\/01\/Picsart_24-01-24_11-43-55-318-768x331.jpg 768w, https:\/\/laultimapalabra.com.mx\/portal\/wp-content\/uploads\/2024\/01\/Picsart_24-01-24_11-43-55-318.jpg 1530w\" sizes=\"auto, (max-width: 300px) 100vw, 300px\" \/><\/p>\n<p>Los hechos ocurrieron cerca de las 23:50 horas, mientras los efectivos municipales realizaban patrullaje sobre la carretera a Doctor Gonz\u00e1lez donde observaron tres veh\u00edculos fuera de la carpeta asf\u00e1ltica de manera sospechosa.<\/p>\n<p>Tras acercarse para preguntar si necesitaban algo, las personas que viajaban en la media cabina de la camioneta tipo Silverado, pidieron ayuda diciendo que no ten\u00edan alimentos ni agua que se encontraban perdidos.<\/p>\n<p>Los polic\u00edas pidieron que se identificaran mencionando que eran de Honduras y Guatemala, que iban para Estados Unidos con sus familias, pero quienes conduc\u00edan se hab\u00edan perdido.<\/p>\n<p>El conductor de la camioneta y de los otros dos veh\u00edculos iban escolt\u00e1ndolos, fueron detenidos, mientras los 16 indocumentados fueron llevados a la cl\u00ednica municipal para su valoraci\u00f3n m\u00e9dica y posteriormente fueron llevados al Instituto Nacional de Migraci\u00f3n.<\/p>\n<p>Los detenidos fueron identificados como, Jeovanny Misael de 32 a\u00f1os de edad; Alberto de 38 a\u00f1os y Santiago de 29 a\u00f1os, quienes fueron puestos a disposici\u00f3n de la Fiscal\u00eda General de la Rep\u00fablica por los delitos que les resulten.<\/p>\n","protected":false},"excerpt":{"rendered":"<p>Cadereyta Jim\u00e9nez, N.L.- La noche del martes, elementos de la Polic\u00eda Municipal, lograron la detenci\u00f3n de tres hombres que trasladaban a 16 indocumentados hacinados en una camioneta en una camioneta, en el municipio de Cadereyta. &nbsp; &nbsp; &nbsp; &nbsp; Los hechos ocurrieron cerca de las 23:50 horas, mientras los efectivos municipales realizaban patrullaje sobre la [&hellip;]<\/p>\n","protected":false},"author":9,"featured_media":53507,"comment_status":"closed","ping_status":"closed","sticky":false,"template":"","format":"standard","meta":{"footnotes":""},"categories":[17],"tags":[3840,3672,1815,5859],"class_list":["post-53506","post","type-post","status-publish","format-standard","has-post-thumbnail","hentry","category-locales-cadereyta","tag-cadereyta-jimenez-nl","tag-migrantes","tag-polleros","tag-ultimas-noticias"],"_links":{"self":[{"href":"https:\/\/laultimapalabra.com.mx\/portal\/wp-json\/wp\/v2\/posts\/53506","targetHints":{"allow":["GET"]}}],"collection":[{"href":"https:\/\/laultimapalabra.com.mx\/portal\/wp-json\/wp\/v2\/posts"}],"about":[{"href":"https:\/\/laultimapalabra.com.mx\/portal\/wp-json\/wp\/v2\/types\/post"}],"author":[{"embeddable":true,"href":"https:\/\/laultimapalabra.com.mx\/portal\/wp-json\/wp\/v2\/users\/9"}],"replies":[{"embeddable":true,"href":"https:\/\/laultimapalabra.com.mx\/portal\/wp-json\/wp\/v2\/comments?post=53506"}],"version-history":[{"count":2,"href":"https:\/\/laultimapalabra.com.mx\/portal\/wp-json\/wp\/v2\/posts\/53506\/revisions"}],"predecessor-version":[{"id":53510,"href":"https:\/\/laultimapalabra.com.mx\/portal\/wp-json\/wp\/v2\/posts\/53506\/revisions\/53510"}],"wp:featuredmedia":[{"embeddable":true,"href":"https:\/\/laultimapalabra.com.mx\/portal\/wp-json\/wp\/v2\/media\/53507"}],"wp:attachment":[{"href":"https:\/\/laultimapalabra.com.mx\/portal\/wp-json\/wp\/v2\/media?parent=53506"}],"wp:term":[{"taxonomy":"category","embeddable":true,"href":"https:\/\/laultimapalabra.com.mx\/portal\/wp-json\/wp\/v2\/categories?post=53506"},{"taxonomy":"post_tag","embeddable":true,"href":"https:\/\/laultimapalabra.com.mx\/portal\/wp-json\/wp\/v2\/tags?post=53506"}],"curies":[{"name":"wp","href":"https:\/\/api.w.org\/{rel}","templated":true}]}}