                       {"id":53770,"date":"2024-01-29T11:52:41","date_gmt":"2024-01-29T17:52:41","guid":{"rendered":"https:\/\/laultimapalabra.com.mx\/portal\/?p=53770"},"modified":"2024-01-29T11:52:41","modified_gmt":"2024-01-29T17:52:41","slug":"fue-hackeo-afirma-amlo","status":"publish","type":"post","link":"https:\/\/laultimapalabra.com.mx\/portal\/fue-hackeo-afirma-amlo\/","title":{"rendered":"Fue hackeo&#8221;, afirma AMLO"},"content":{"rendered":"<p>El Presidente confirma robo de datos personales de periodistas; acusa a la oposici\u00f3n<\/p>\n<p>El Presidente Andr\u00e9s Manuel L\u00f3pez Obrador confirm\u00f3 este lunes que los datos personales de las y los periodistas que cubren la \u201cma\u00f1anera\u201d fueron robados a trav\u00e9s de un hackeo a la Presidencia de M\u00e9xico, por lo que habr\u00e1 acciones legales contra quienes resulten responsables, aunque sugiri\u00f3 que la oposici\u00f3n podr\u00eda estar detr\u00e1s de los hechos.<\/p>\n<p>\u201cQue ya hackearon las computadoras de la \u2018ma\u00f1anera\u2019. S\u00ed, s\u00ed fue hackeo. Fue hackeo. Todo aqu\u00ed se aclara. Entonces se llevan los datos. Gran esc\u00e1ndalo. Nosotros tenemos que cuidar a todos los ciudadanos y a los periodistas, pero \u00bfpor qu\u00e9 lo hacen, por qu\u00e9 es el hackeo? Para tratar de sembrar la idea de que nosotros perseguimos, censuramos, somos dictadores. Es lo de todos\u201d, dijo.<\/p>\n<p>-Son nuestros datos, est\u00e1n nuestras familias. \u00bfNo es un riesgo, se\u00f1or Presidente? -pregunt\u00f3 alguien durante la conferencia de prensa matutina.<\/p>\n<p>-S\u00ed, hay que buscar la forma, primero, de saber qu\u00e9 fue lo que sucedi\u00f3, qui\u00e9n hackeo. Hoy se va a hacer un informe, se va a entregar, pero no tenemos nosotros ning\u00fan af\u00e1n autoritario -afirm\u00f3 L\u00f3pez Obrador.<\/p>\n<p>Desde Palacio Nacional, asegur\u00f3 que se cuidan los datos, sin embargo, sostuvo que \u201clos hackeos se dan\u201d. \u201cFall\u00f3 la seguridad o fueron muy buenos los hackeadores. Acu\u00e9rdense de que nuestros adversarios tienen mucho dinero y pueden contratar a los delincuentes en esta materia, de m\u00e1s especialidad en el mundo\u201d, se\u00f1al\u00f3.<\/p>\n<p>-\u00bfVe a la oposici\u00f3n entonces, Presidente? -le cuestionaron.<\/p>\n<p>-Es muy probable, Claudio X. Gonz\u00e1lez y toda la red de opositores a la transformaci\u00f3n -precis\u00f3 el mandatario mexicano.<\/p>\n<p>-\u00bfHabr\u00e1 acciones legales? -se escuch\u00f3 entre las y los reporteros.<\/p>\n<p>-S\u00ed, s\u00ed, s\u00ed -respondi\u00f3 el gobernante.<\/p>\n<p>-\u00bfContra los responsables? -se lanz\u00f3.<\/p>\n<p>El Presidente Andr\u00e9s Manuel L\u00f3pez Obrador confirm\u00f3 este lunes que los datos personales de las y los periodistas que cubren la &#8220;ma\u00f1anera&#8221; fueron robados a trav\u00e9s de un hackeo a la Presidencia de M\u00e9xico.<\/p>\n<p>El Presidente Andr\u00e9s Manuel L\u00f3pez Obrador confirm\u00f3 este lunes que los datos personales de las y los periodistas que cubren la \u201cma\u00f1anera\u201d fueron robados a trav\u00e9s de un hackeo a la Presidencia de M\u00e9xico. Foto: Mois\u00e9s Pablo, Cuartoscuro<\/p>\n<p>-Contra quien resulte responsable -contest\u00f3.<\/p>\n<p>&nbsp;<\/p>\n<p>\u201cS\u00ed, es guerra sucia, es espionaje. Vamos a que se haga la investigaci\u00f3n. Hoy me comentaba Jes\u00fas [Ram\u00edrez Cuevas] que tienen que entregar un informe al INAI [Instituto Nacional de Transparencia, Acceso a la Informaci\u00f3n y Protecci\u00f3n de Datos Personales] y esto que est\u00e1s proponiendo lo vamos a hacer, que la Secretar\u00eda de Gobernaci\u00f3n proporcione apoyo a todos los que aparecen en las listas\u201d, declar\u00f3 el Presidente de M\u00e9xico.<\/p>\n<p>En su mensaje, consider\u00f3 que se trata de una operaci\u00f3n similar a la que hizo el colectivo Guacamaya, el cual hacke\u00f3 y filtr\u00f3 un sinf\u00edn de documentos de la Secretar\u00eda de la Defensa Nacional (Sedena) en 2022.<\/p>\n<p>\u201cPero es un hackeo. Lo que hicieron con Guacamaya, que luego empezaron a sacar los datos no s\u00e9 si con Loret de Mola o con Carmen Aristegui. O sea, son los mismos, gentes sin escr\u00fapulos morales que act\u00faan de esa manera, son guerras medi\u00e1ticas\u201d, acus\u00f3 el pol\u00edtico tabasque\u00f1o.<\/p>\n<p>El Presidente Andr\u00e9s Manuel L\u00f3pez Obrador consider\u00f3 que se trata de una operaci\u00f3n similar a la que hizo el colectivo Guacamaya, el cual hacke\u00f3 y filtr\u00f3 un sinf\u00edn de documentos de la Secretar\u00eda de la Defensa Nacional (Sedena) en 2022.<\/p>\n<p>El Presidente Andr\u00e9s Manuel L\u00f3pez Obrador consider\u00f3 que se trata de una operaci\u00f3n similar a la que hizo el colectivo Guacamaya, el cual hacke\u00f3 y filtr\u00f3 un sinf\u00edn de documentos de la Secretar\u00eda de la Defensa Nacional (Sedena) en 2022.<\/p>\n<p>FUENTE: SIN EMBARGO MX<\/p>\n<p>CR\u00c9DITOS FOTO: MOISESPABLO , CUARTOSCURO<\/p>\n","protected":false},"excerpt":{"rendered":"<p>El Presidente confirma robo de datos personales de periodistas; acusa a la oposici\u00f3n El Presidente Andr\u00e9s Manuel L\u00f3pez Obrador confirm\u00f3 este lunes que los datos personales de las y los periodistas que cubren la \u201cma\u00f1anera\u201d fueron robados a trav\u00e9s de un hackeo a la Presidencia de M\u00e9xico, por lo que habr\u00e1 acciones legales contra quienes [&hellip;]<\/p>\n","protected":false},"author":9,"featured_media":53771,"comment_status":"closed","ping_status":"closed","sticky":false,"template":"","format":"standard","meta":{"footnotes":""},"categories":[19],"tags":[124,11552,11554,11551,11553,5859],"class_list":["post-53770","post","type-post","status-publish","format-standard","has-post-thumbnail","hentry","category-nacional","tag-amlo","tag-datospersonalesperiodistas","tag-guacamayaleaks","tag-hackeo","tag-rosaicela","tag-ultimas-noticias"],"_links":{"self":[{"href":"https:\/\/laultimapalabra.com.mx\/portal\/wp-json\/wp\/v2\/posts\/53770","targetHints":{"allow":["GET"]}}],"collection":[{"href":"https:\/\/laultimapalabra.com.mx\/portal\/wp-json\/wp\/v2\/posts"}],"about":[{"href":"https:\/\/laultimapalabra.com.mx\/portal\/wp-json\/wp\/v2\/types\/post"}],"author":[{"embeddable":true,"href":"https:\/\/laultimapalabra.com.mx\/portal\/wp-json\/wp\/v2\/users\/9"}],"replies":[{"embeddable":true,"href":"https:\/\/laultimapalabra.com.mx\/portal\/wp-json\/wp\/v2\/comments?post=53770"}],"version-history":[{"count":1,"href":"https:\/\/laultimapalabra.com.mx\/portal\/wp-json\/wp\/v2\/posts\/53770\/revisions"}],"predecessor-version":[{"id":53772,"href":"https:\/\/laultimapalabra.com.mx\/portal\/wp-json\/wp\/v2\/posts\/53770\/revisions\/53772"}],"wp:featuredmedia":[{"embeddable":true,"href":"https:\/\/laultimapalabra.com.mx\/portal\/wp-json\/wp\/v2\/media\/53771"}],"wp:attachment":[{"href":"https:\/\/laultimapalabra.com.mx\/portal\/wp-json\/wp\/v2\/media?parent=53770"}],"wp:term":[{"taxonomy":"category","embeddable":true,"href":"https:\/\/laultimapalabra.com.mx\/portal\/wp-json\/wp\/v2\/categories?post=53770"},{"taxonomy":"post_tag","embeddable":true,"href":"https:\/\/laultimapalabra.com.mx\/portal\/wp-json\/wp\/v2\/tags?post=53770"}],"curies":[{"name":"wp","href":"https:\/\/api.w.org\/{rel}","templated":true}]}}