                       {"id":5381,"date":"2018-12-21T01:09:02","date_gmt":"2018-12-21T01:09:02","guid":{"rendered":"http:\/\/laultimapalabra.info\/?p=5381"},"modified":"2024-12-11T08:53:30","modified_gmt":"2024-12-11T14:53:30","slug":"la-pierna-de-don-antonio-lopez-de-santa-anna","status":"publish","type":"post","link":"https:\/\/laultimapalabra.com.mx\/portal\/la-pierna-de-don-antonio-lopez-de-santa-anna\/","title":{"rendered":"La pierna de Don Antonio L\u00f3pez de Santa Anna"},"content":{"rendered":"<div id=\"attachment_5383\" style=\"width: 310px\" class=\"wp-caption alignleft\"><img loading=\"lazy\" decoding=\"async\" aria-describedby=\"caption-attachment-5383\" class=\"size-medium wp-image-5383\" src=\"https:\/\/laultimapalabra.com.mx\/portal\/wp-content\/uploads\/2018\/12\/pierna-de-santa-anna-1840194-300x178.jpg\" alt=\"\" width=\"300\" height=\"178\" \/><p id=\"caption-attachment-5383\" class=\"wp-caption-text\">Si usted no sab\u00eda, la pata de palo de Santa Anna lleva 169 a\u00f1os en un pueblo de EU llamado Springfield<\/p><\/div>\n<p style=\"text-align: justify;\">Por: Dr. Jos\u00e9 Ascenci\u00f3n Tijerina Flores<\/p>\n<p style=\"text-align: justify;\">Unos de los personajes m\u00e1s pol\u00e9micos de nuestra historia es sin duda el General Antonio L\u00f3pez de Santa Anna, para muchos, un traidor que permiti\u00f3 la p\u00e9rdida de m\u00e1s de la mitad de nuestro territorio, como tambi\u00e9n para otros el \u00fanico Presidente que acudi\u00f3 personalmente a defender ese gir\u00f3n de patria que por descuido o negligencia se agenciaron por abuso los norteamericanos.<br \/>\nRELATO<br \/>\nUn diciembre 6 de 1846 una multitud arrastraba la pierna que L\u00f3pez de Santa Anna hab\u00eda perdido en una batalla contra los franceses defendiendo la patria. La habr\u00eda sepultado con la pompa y ceremonia de un sepelio de H\u00e9roe Nacional.<br \/>\nDesde el mes de enero de ese a\u00f1o L\u00f3pez de Santa Anna que se hab\u00eda instalado por en\u00e9sima ocasi\u00f3n (11 ocasiones diferentes) en la Presidencia de M\u00e9xico, Erigi\u00f3 un monumento de su persona en la plaza del \u201cVolador\u201d elaborada en bronce, en esa estatua ten\u00eda un brazo extendido hacia el norte, lo cual significaba que estaba decidido a recuperar Texas, territorio que por motivo de su negligencia pol\u00edtica o descuido se hab\u00eda perdido.<br \/>\nEl 22 de agosto muere su esposa In\u00e9s Garc\u00eda y para el 3 de septiembre siguiente vuelve a casarse con Dolores Tosta, una dama de la alta sociedad de M\u00e9xico.<br \/>\nLa pierna del esc\u00e1ndalo la hab\u00eda sepultado con honores militares en la ciudad de M\u00e9xico a pesar de que la hab\u00eda perdido en Veracruz durante aquella guerra mal llamada \u201cDe los pasteles\u201d.<br \/>\nYa en ese momento la naci\u00f3n estaba ofendida con \u00e9l por tres razones primordiales: Haber perdido Texas, Haber desaparecido 4 millones de pesos que cobr\u00f3 con unos impuestos extraordinarios, y por no haber guardado luto por la muerte de su esposa.<br \/>\nEs en Guadalajara donde empieza un movimiento de protesta en su contra el 2 de noviembre d\u00eda de los muertos, pues este se\u00f1or no respetaba ni a los vivos menos a su esposa recientemente fallecida.<br \/>\nAs\u00ed empezando el mes de diciembre se prendi\u00f3 la mecha en la capital de la Rep\u00fablica y la gente sali\u00f3 a la calle a derrumbar la estatua de el en la plaza ya mencionada, de ah\u00ed se dirigieron al cementerio donde exhumaron la pierna del dictador para arrastrarla por las calle en una demostraci\u00f3n de coraje contra el Veracruzano.<br \/>\nSanta Anna huy\u00f3 a su hacienda de Veracruz pero ser\u00eda atrapado en \u201cPerote\u201d donde fue encarcelado y exiliado. La historia deber\u00eda acabar ah\u00ed, pero nuestro M\u00e9xico es m\u00e1gico y todav\u00eda hab\u00eda Santa Anna para rato pues mandaron por el para que dirigiera la defensa del Pa\u00eds cuando en 1846 Estados Unidos oficializ\u00f3 la guerra de invasi\u00f3n a M\u00e9xico.<br \/>\nEl maestro historiador Jos\u00e9 Gonz\u00e1lez Pedrero escribi\u00f3 una obra enorme de dos grandes vol\u00famenes llamada \u201cM\u00e9xico pa\u00eds de un solo hombre\u201d que narra minuciosamente la vida y obra de este notable brib\u00f3n mexicano.<br \/>\nEn este relato recordamos un pasaje de la historia de M\u00e9xico poca conocida\u2026 .. Pero que conste que hablamos del M\u00e9xico del siglo XVIII, cualquier parecido con hechos de la actualidad ser\u00e1n mera coincidencia.<br \/>\nMientras tanto deseamos fervientemente para nuestros amables lectores una muy Feliz Navidad y un Pr\u00f3spero a\u00f1o 2019.<br \/>\nGracias<\/p>\n","protected":false},"excerpt":{"rendered":"<p>Por: Dr. Jos\u00e9 Ascenci\u00f3n Tijerina Flores Unos de los personajes m\u00e1s pol\u00e9micos de nuestra historia es sin duda el General Antonio L\u00f3pez de Santa Anna, para muchos, un traidor que permiti\u00f3 la p\u00e9rdida de m\u00e1s de la mitad de nuestro territorio, como tambi\u00e9n para otros el \u00fanico Presidente que acudi\u00f3 personalmente a defender ese gir\u00f3n [&hellip;]<\/p>\n","protected":false},"author":9,"featured_media":5383,"comment_status":"open","ping_status":"closed","sticky":false,"template":"","format":"standard","meta":{"footnotes":""},"categories":[1],"tags":[879],"class_list":["post-5381","post","type-post","status-publish","format-standard","has-post-thumbnail","hentry","category-noticias","tag-dr-jose-ascencion-tijerina-flores"],"_links":{"self":[{"href":"https:\/\/laultimapalabra.com.mx\/portal\/wp-json\/wp\/v2\/posts\/5381","targetHints":{"allow":["GET"]}}],"collection":[{"href":"https:\/\/laultimapalabra.com.mx\/portal\/wp-json\/wp\/v2\/posts"}],"about":[{"href":"https:\/\/laultimapalabra.com.mx\/portal\/wp-json\/wp\/v2\/types\/post"}],"author":[{"embeddable":true,"href":"https:\/\/laultimapalabra.com.mx\/portal\/wp-json\/wp\/v2\/users\/9"}],"replies":[{"embeddable":true,"href":"https:\/\/laultimapalabra.com.mx\/portal\/wp-json\/wp\/v2\/comments?post=5381"}],"version-history":[{"count":1,"href":"https:\/\/laultimapalabra.com.mx\/portal\/wp-json\/wp\/v2\/posts\/5381\/revisions"}],"predecessor-version":[{"id":65908,"href":"https:\/\/laultimapalabra.com.mx\/portal\/wp-json\/wp\/v2\/posts\/5381\/revisions\/65908"}],"wp:featuredmedia":[{"embeddable":true,"href":"https:\/\/laultimapalabra.com.mx\/portal\/wp-json\/"}],"wp:attachment":[{"href":"https:\/\/laultimapalabra.com.mx\/portal\/wp-json\/wp\/v2\/media?parent=5381"}],"wp:term":[{"taxonomy":"category","embeddable":true,"href":"https:\/\/laultimapalabra.com.mx\/portal\/wp-json\/wp\/v2\/categories?post=5381"},{"taxonomy":"post_tag","embeddable":true,"href":"https:\/\/laultimapalabra.com.mx\/portal\/wp-json\/wp\/v2\/tags?post=5381"}],"curies":[{"name":"wp","href":"https:\/\/api.w.org\/{rel}","templated":true}]}}