                       {"id":53815,"date":"2024-01-29T19:40:49","date_gmt":"2024-01-30T01:40:49","guid":{"rendered":"https:\/\/laultimapalabra.com.mx\/portal\/?p=53815"},"modified":"2024-01-29T19:43:08","modified_gmt":"2024-01-30T01:43:08","slug":"logran-rescatar-a-perrita-del-cerro-agujerado","status":"publish","type":"post","link":"https:\/\/laultimapalabra.com.mx\/portal\/logran-rescatar-a-perrita-del-cerro-agujerado\/","title":{"rendered":"Logran rescatar a perrita del cerro agujerado"},"content":{"rendered":"\n<p>Ju\u00e1rez,N.L.-La ma\u00f1ana de este lunes, fue rescatado el can que se encontraba en lo alto del cerro agujerado en el municipio Ju\u00e1rez, esto despu\u00e9s de hacerse viral en redes sociales el d\u00eda de ayer domingo.<br \/>Despu\u00e9s de 36 horas de trabajo se logr\u00f3 por fin este rescate por parte de los elementos de Protecci\u00f3n Civil de Ju\u00e1rez, Julio Zumaya; V\u00edctor Aldape, Oliver S\u00e1nchez y Jorge Borrego al mando de su Director Francisco Moyar.<br \/>Gracias a los elementos por su ardua labor para salvaguardar a esta perrita, la cual fue entregada a Protecci\u00f3n Civil de Nuevo Le\u00f3n para su atenci\u00f3n veterinaria.<\/p>\n\n\n\n<figure class=\"wp-block-image size-large\"><img loading=\"lazy\" decoding=\"async\" width=\"1024\" height=\"678\" src=\"https:\/\/laultimapalabra.com.mx\/portal\/wp-content\/uploads\/2024\/01\/img-20240129-wa00622914939329877819348-1024x678.jpg\" alt=\"\" class=\"wp-image-53817\" srcset=\"https:\/\/laultimapalabra.com.mx\/portal\/wp-content\/uploads\/2024\/01\/img-20240129-wa00622914939329877819348-1024x678.jpg 1024w, https:\/\/laultimapalabra.com.mx\/portal\/wp-content\/uploads\/2024\/01\/img-20240129-wa00622914939329877819348-300x199.jpg 300w, https:\/\/laultimapalabra.com.mx\/portal\/wp-content\/uploads\/2024\/01\/img-20240129-wa00622914939329877819348-768x509.jpg 768w, https:\/\/laultimapalabra.com.mx\/portal\/wp-content\/uploads\/2024\/01\/img-20240129-wa00622914939329877819348-1536x1018.jpg 1536w, https:\/\/laultimapalabra.com.mx\/portal\/wp-content\/uploads\/2024\/01\/img-20240129-wa00622914939329877819348.jpg 1600w\" sizes=\"auto, (max-width: 1024px) 100vw, 1024px\" \/><\/figure>\n\n\n\n<figure class=\"wp-block-image\"><img loading=\"lazy\" decoding=\"async\" width=\"863\" height=\"1024\" src=\"https:\/\/laultimapalabra.com.mx\/portal\/wp-content\/uploads\/2024\/01\/img-20240129-wa0066986373289063228867-863x1024.jpg\" alt=\"\" class=\"wp-image-53818\" srcset=\"https:\/\/laultimapalabra.com.mx\/portal\/wp-content\/uploads\/2024\/01\/img-20240129-wa0066986373289063228867-863x1024.jpg 863w, https:\/\/laultimapalabra.com.mx\/portal\/wp-content\/uploads\/2024\/01\/img-20240129-wa0066986373289063228867-253x300.jpg 253w, https:\/\/laultimapalabra.com.mx\/portal\/wp-content\/uploads\/2024\/01\/img-20240129-wa0066986373289063228867-768x912.jpg 768w, https:\/\/laultimapalabra.com.mx\/portal\/wp-content\/uploads\/2024\/01\/img-20240129-wa0066986373289063228867-1294x1536.jpg 1294w, https:\/\/laultimapalabra.com.mx\/portal\/wp-content\/uploads\/2024\/01\/img-20240129-wa0066986373289063228867.jpg 1348w\" sizes=\"auto, (max-width: 863px) 100vw, 863px\" \/><\/figure>\n\n\n\n<figure class=\"wp-block-image\"><img loading=\"lazy\" decoding=\"async\" width=\"1024\" height=\"669\" src=\"https:\/\/laultimapalabra.com.mx\/portal\/wp-content\/uploads\/2024\/01\/img-20240129-wa0065399684467800049435-1024x669.jpg\" alt=\"\" class=\"wp-image-53819\" srcset=\"https:\/\/laultimapalabra.com.mx\/portal\/wp-content\/uploads\/2024\/01\/img-20240129-wa0065399684467800049435-1024x669.jpg 1024w, https:\/\/laultimapalabra.com.mx\/portal\/wp-content\/uploads\/2024\/01\/img-20240129-wa0065399684467800049435-300x196.jpg 300w, https:\/\/laultimapalabra.com.mx\/portal\/wp-content\/uploads\/2024\/01\/img-20240129-wa0065399684467800049435-768x502.jpg 768w, https:\/\/laultimapalabra.com.mx\/portal\/wp-content\/uploads\/2024\/01\/img-20240129-wa0065399684467800049435-1536x1003.jpg 1536w, https:\/\/laultimapalabra.com.mx\/portal\/wp-content\/uploads\/2024\/01\/img-20240129-wa0065399684467800049435.jpg 1600w\" sizes=\"auto, (max-width: 1024px) 100vw, 1024px\" \/><\/figure>\n","protected":false},"excerpt":{"rendered":"<p>Ju\u00e1rez,N.L.-La ma\u00f1ana de este lunes, fue rescatado el can que se encontraba en lo alto del cerro agujerado en el municipio Ju\u00e1rez, esto despu\u00e9s de hacerse viral en redes sociales el d\u00eda de ayer domingo.Despu\u00e9s de 36 horas de trabajo se logr\u00f3 por fin este rescate por parte de los elementos de Protecci\u00f3n Civil de [&hellip;]<\/p>\n","protected":false},"author":7,"featured_media":53814,"comment_status":"closed","ping_status":"closed","sticky":false,"template":"","format":"standard","meta":{"footnotes":""},"categories":[10],"tags":[2608,1875,11569],"class_list":["post-53815","post","type-post","status-publish","format-standard","has-post-thumbnail","hentry","category-seguridad-juarez","tag-cerro-agujerado","tag-proteccion-civil","tag-rescatan-a-perrita"],"_links":{"self":[{"href":"https:\/\/laultimapalabra.com.mx\/portal\/wp-json\/wp\/v2\/posts\/53815","targetHints":{"allow":["GET"]}}],"collection":[{"href":"https:\/\/laultimapalabra.com.mx\/portal\/wp-json\/wp\/v2\/posts"}],"about":[{"href":"https:\/\/laultimapalabra.com.mx\/portal\/wp-json\/wp\/v2\/types\/post"}],"author":[{"embeddable":true,"href":"https:\/\/laultimapalabra.com.mx\/portal\/wp-json\/wp\/v2\/users\/7"}],"replies":[{"embeddable":true,"href":"https:\/\/laultimapalabra.com.mx\/portal\/wp-json\/wp\/v2\/comments?post=53815"}],"version-history":[{"count":2,"href":"https:\/\/laultimapalabra.com.mx\/portal\/wp-json\/wp\/v2\/posts\/53815\/revisions"}],"predecessor-version":[{"id":53820,"href":"https:\/\/laultimapalabra.com.mx\/portal\/wp-json\/wp\/v2\/posts\/53815\/revisions\/53820"}],"wp:featuredmedia":[{"embeddable":true,"href":"https:\/\/laultimapalabra.com.mx\/portal\/wp-json\/wp\/v2\/media\/53814"}],"wp:attachment":[{"href":"https:\/\/laultimapalabra.com.mx\/portal\/wp-json\/wp\/v2\/media?parent=53815"}],"wp:term":[{"taxonomy":"category","embeddable":true,"href":"https:\/\/laultimapalabra.com.mx\/portal\/wp-json\/wp\/v2\/categories?post=53815"},{"taxonomy":"post_tag","embeddable":true,"href":"https:\/\/laultimapalabra.com.mx\/portal\/wp-json\/wp\/v2\/tags?post=53815"}],"curies":[{"name":"wp","href":"https:\/\/api.w.org\/{rel}","templated":true}]}}