                       {"id":53898,"date":"2024-01-31T10:13:38","date_gmt":"2024-01-31T16:13:38","guid":{"rendered":"https:\/\/laultimapalabra.com.mx\/portal\/?p=53898"},"modified":"2024-01-31T10:14:54","modified_gmt":"2024-01-31T16:14:54","slug":"es-reclamada-por-su-dueno-perrita-rescatada-del-cerro-agujerado","status":"publish","type":"post","link":"https:\/\/laultimapalabra.com.mx\/portal\/es-reclamada-por-su-dueno-perrita-rescatada-del-cerro-agujerado\/","title":{"rendered":"Es reclamada por su due\u00f1o, perrita rescatada del Cerro Agujerado"},"content":{"rendered":"\n<p>Ju\u00e1rez, N.L.-La perrita que fue rescata del Cerro Agujerado en Ju\u00e1rez, fue reclamada por su due\u00f1o de nombre Don Aperciliano, quien se acerc\u00f3 al centro de control canino del municipio y con fotograf\u00edas demostr\u00f3 ser el due\u00f1o.<\/p>\n\n\n\n<p>Tambi\u00e9n coment\u00f3 que todos los d\u00edas el can lo acompa\u00f1a a su trabajo cuidando el ganado muy cerca del cerro y que el d\u00eda s\u00e1bado lamentablemente se perdi\u00f3.<\/p>\n\n\n\n<p>Fue por medio de las redes sociales que don Aperciliano se enter\u00f3 de que su mascota hab\u00eda sido rescatada por los elementos de protecci\u00f3n civil del municipio de Ju\u00e1rez, acargo del Director Francisco Moyar, as\u00ed mismo agradeci\u00f3 que permitieron que Mocha regresara sana y salva con su familia.<\/p>\n","protected":false},"excerpt":{"rendered":"<p>Ju\u00e1rez, N.L.-La perrita que fue rescata del Cerro Agujerado en Ju\u00e1rez, fue reclamada por su due\u00f1o de nombre Don Aperciliano, quien se acerc\u00f3 al centro de control canino del municipio y con fotograf\u00edas demostr\u00f3 ser el due\u00f1o. Tambi\u00e9n coment\u00f3 que todos los d\u00edas el can lo acompa\u00f1a a su trabajo cuidando el ganado muy cerca [&hellip;]<\/p>\n","protected":false},"author":7,"featured_media":53897,"comment_status":"closed","ping_status":"closed","sticky":false,"template":"","format":"standard","meta":{"footnotes":""},"categories":[18],"tags":[2608,11587,11569],"class_list":["post-53898","post","type-post","status-publish","format-standard","has-post-thumbnail","hentry","category-locales-juarez","tag-cerro-agujerado","tag-dueno-reclama-a-perrita","tag-rescatan-a-perrita"],"_links":{"self":[{"href":"https:\/\/laultimapalabra.com.mx\/portal\/wp-json\/wp\/v2\/posts\/53898","targetHints":{"allow":["GET"]}}],"collection":[{"href":"https:\/\/laultimapalabra.com.mx\/portal\/wp-json\/wp\/v2\/posts"}],"about":[{"href":"https:\/\/laultimapalabra.com.mx\/portal\/wp-json\/wp\/v2\/types\/post"}],"author":[{"embeddable":true,"href":"https:\/\/laultimapalabra.com.mx\/portal\/wp-json\/wp\/v2\/users\/7"}],"replies":[{"embeddable":true,"href":"https:\/\/laultimapalabra.com.mx\/portal\/wp-json\/wp\/v2\/comments?post=53898"}],"version-history":[{"count":1,"href":"https:\/\/laultimapalabra.com.mx\/portal\/wp-json\/wp\/v2\/posts\/53898\/revisions"}],"predecessor-version":[{"id":53899,"href":"https:\/\/laultimapalabra.com.mx\/portal\/wp-json\/wp\/v2\/posts\/53898\/revisions\/53899"}],"wp:featuredmedia":[{"embeddable":true,"href":"https:\/\/laultimapalabra.com.mx\/portal\/wp-json\/wp\/v2\/media\/53897"}],"wp:attachment":[{"href":"https:\/\/laultimapalabra.com.mx\/portal\/wp-json\/wp\/v2\/media?parent=53898"}],"wp:term":[{"taxonomy":"category","embeddable":true,"href":"https:\/\/laultimapalabra.com.mx\/portal\/wp-json\/wp\/v2\/categories?post=53898"},{"taxonomy":"post_tag","embeddable":true,"href":"https:\/\/laultimapalabra.com.mx\/portal\/wp-json\/wp\/v2\/tags?post=53898"}],"curies":[{"name":"wp","href":"https:\/\/api.w.org\/{rel}","templated":true}]}}