                       {"id":53954,"date":"2024-01-31T19:46:48","date_gmt":"2024-02-01T01:46:48","guid":{"rendered":"https:\/\/laultimapalabra.com.mx\/portal\/?p=53954"},"modified":"2024-01-31T19:49:43","modified_gmt":"2024-02-01T01:49:43","slug":"nunca-haremos-pactos-criminales-con-nadie-sheinbaum","status":"publish","type":"post","link":"https:\/\/laultimapalabra.com.mx\/portal\/nunca-haremos-pactos-criminales-con-nadie-sheinbaum\/","title":{"rendered":"&#8220;Nunca haremos pactos criminales con nadie&#8221;: Sheinbaum"},"content":{"rendered":"\n<p>Ciudad de M\u00e9xico a 31 de enero de 2024.-* Luego de que se acusara al Presidente, Andr\u00e9s Manuel L\u00f3pez Obrador de utilizar recursos mal habidos en su campa\u00f1a durante el 2006, Claudia Sheinbaum Pardo combati\u00f3 las noticias falsas de las \u00faltimas horas, al destacar que dentro del movimiento de la 4T, la honestidad es lo m\u00e1s importante, por lo que los pactos criminales no tienen cabida.<\/p>\n\n\n\n<p>*&#8221;Es muy importante decir que nunca y no haremos pactos criminales con nadie (&#8230;) Es muy importante que se conozca, que se vea porque se puede malinterpretar&#8221;*, coment\u00f3 a trav\u00e9s de un v\u00eddeo publicado en sus redes sociales.<\/p>\n\n\n\n<p>Asegur\u00f3 que la propagaci\u00f3n de las noticias falsas son t\u00e1cticas de la oposici\u00f3n en un intento fallido de debilitar a la Cuarta Transformaci\u00f3n.<\/p>\n\n\n\n<p>En este mismo sentido, Sheinbaum Pardo asever\u00f3 que contrario a lo que se ha difundido, las pr\u00f3ximas reformas enviadas por el presidente L\u00f3pez Obrador tienen el \u00fanico objetivo de seguir creando una vida de bienestar para las familias mexicanas.<\/p>\n\n\n\n<p>*&#8221;Son reformas que vienen a fortalecer la democracia, las libertades, los derechos laborales, la justicia en nuestro pa\u00eds&#8221;*, agreg\u00f3.<\/p>\n\n\n\n<p>Por lo anterior, pidi\u00f3 a sus seguidores en redes sociales mantenerse informados y evitar caer en las noticias que buscan desprestigiar a la transformaci\u00f3n.<\/p>\n\n\n\n<p>*&#8221;No se dejen llevar por las noticias falsas&#8221;*, concluy\u00f3.<\/p>\n","protected":false},"excerpt":{"rendered":"<p>Ciudad de M\u00e9xico a 31 de enero de 2024.-* Luego de que se acusara al Presidente, Andr\u00e9s Manuel L\u00f3pez Obrador de utilizar recursos mal habidos en su campa\u00f1a durante el 2006, Claudia Sheinbaum Pardo combati\u00f3 las noticias falsas de las \u00faltimas horas, al destacar que dentro del movimiento de la 4T, la honestidad es lo [&hellip;]<\/p>\n","protected":false},"author":7,"featured_media":53953,"comment_status":"closed","ping_status":"closed","sticky":false,"template":"","format":"standard","meta":{"footnotes":""},"categories":[19],"tags":[133,8166,11393,10411],"class_list":["post-53954","post","type-post","status-publish","format-standard","has-post-thumbnail","hentry","category-nacional","tag-andres-manuel-lopez-obrador","tag-claudia-sheinbaum","tag-precandidata-a-la-presidencia","tag-ultimasnoticias"],"_links":{"self":[{"href":"https:\/\/laultimapalabra.com.mx\/portal\/wp-json\/wp\/v2\/posts\/53954","targetHints":{"allow":["GET"]}}],"collection":[{"href":"https:\/\/laultimapalabra.com.mx\/portal\/wp-json\/wp\/v2\/posts"}],"about":[{"href":"https:\/\/laultimapalabra.com.mx\/portal\/wp-json\/wp\/v2\/types\/post"}],"author":[{"embeddable":true,"href":"https:\/\/laultimapalabra.com.mx\/portal\/wp-json\/wp\/v2\/users\/7"}],"replies":[{"embeddable":true,"href":"https:\/\/laultimapalabra.com.mx\/portal\/wp-json\/wp\/v2\/comments?post=53954"}],"version-history":[{"count":1,"href":"https:\/\/laultimapalabra.com.mx\/portal\/wp-json\/wp\/v2\/posts\/53954\/revisions"}],"predecessor-version":[{"id":53955,"href":"https:\/\/laultimapalabra.com.mx\/portal\/wp-json\/wp\/v2\/posts\/53954\/revisions\/53955"}],"wp:featuredmedia":[{"embeddable":true,"href":"https:\/\/laultimapalabra.com.mx\/portal\/wp-json\/wp\/v2\/media\/53953"}],"wp:attachment":[{"href":"https:\/\/laultimapalabra.com.mx\/portal\/wp-json\/wp\/v2\/media?parent=53954"}],"wp:term":[{"taxonomy":"category","embeddable":true,"href":"https:\/\/laultimapalabra.com.mx\/portal\/wp-json\/wp\/v2\/categories?post=53954"},{"taxonomy":"post_tag","embeddable":true,"href":"https:\/\/laultimapalabra.com.mx\/portal\/wp-json\/wp\/v2\/tags?post=53954"}],"curies":[{"name":"wp","href":"https:\/\/api.w.org\/{rel}","templated":true}]}}