                       {"id":54047,"date":"2024-02-02T11:53:07","date_gmt":"2024-02-02T17:53:07","guid":{"rendered":"https:\/\/laultimapalabra.com.mx\/portal\/?p=54047"},"modified":"2024-02-02T11:53:07","modified_gmt":"2024-02-02T17:53:07","slug":"solicitara-morena-en-san-lazaro-juicio-politico-contra-ministro-perez-dayan","status":"publish","type":"post","link":"https:\/\/laultimapalabra.com.mx\/portal\/solicitara-morena-en-san-lazaro-juicio-politico-contra-ministro-perez-dayan\/","title":{"rendered":"Solicitar\u00e1 Morena en San L\u00e1zaro juicio pol\u00edtico contra ministro P\u00e9rez Day\u00e1n"},"content":{"rendered":"<p>Ciudad de M\u00e9xico. Morena en la C\u00e1mara de Diputados presentar\u00e1, en breve, una solicitud de juicio pol\u00edtico contra el ministro Alberto P\u00e9rez Day\u00e1n y tambi\u00e9n exigir\u00e1, \u201cque se le finque responsabilidad administrativa\u201d, porque al emitir su voto de calidad, en el juicio de amparo por el que se declar\u00f3 inconstitucional la Reforma El\u00e9ctrica del presidente Andr\u00e9s Manuel L\u00f3pez Obrador \u201cviol\u00f3 la Ley Org\u00e1nica del Poder Judicial \u201d.<\/p>\n<p>Adem\u00e1s, informaron, en conferencia de prensa, el coordinador de los diputados del partido guinda Ignacio Mier, el presidente de la Comisi\u00f3n de Puntos Constitucionales, Juan Ramiro Robledo, y los vicecoordinadores Aleyda Alavez y Leonel Godoy, que presentar\u00e1n reformas a la Leyes del Poder Judicial y la de Amparo.<\/p>\n<p>Ignacio Mier asever\u00f3 que la exigencia de juicio pol\u00edtico ser\u00e1 contra \u201cel ministro P\u00e9rez Day\u00e1n\u201d. Resalt\u00f3 que \u201clo que vivimos el d\u00eda de ayer fue algo lamentable para el Estado de derecho\u201d, para la divisi\u00f3n de Poderes.<\/p>\n<p>Mier se\u00f1al\u00f3: uno de los Poderes que, de manera reiterada, ha emitido criterios con relaci\u00f3n a la supuesta violaci\u00f3n del reglamento, del procedimiento legislativo, \u201c ayer (el pasado mi\u00e9rcoles ) incurri\u00f3 en una violaci\u00f3n de su propia ley, y eso, adem\u00e1s de incurrir en responsabilidades, pone de manifiesto una actuaci\u00f3n, por decir lo menos, sectaria, con premeditaci\u00f3n en contra, no de una ley que fue aprobada ac\u00e1 en C\u00e1mara de Diputados\u201d, que fue declarada su constitucionalidad<\/p>\n<p>\u201cTambi\u00e9n pone profundamente en contradicci\u00f3n los criterios y el desempe\u00f1o de quienes integran la Suprema Corte de Justicia de la Naci\u00f3n, que le dieron paso, con s\u00f3lo dos votos, a declarar la inconstitucional de una ley, derivado del amparo que ellos atrajeron.<\/p>\n<p>Robledo, morenista y presidente de la Comisi\u00f3n de Puntos Constitucionales, sostuvo: \u201chay una violaci\u00f3n al procedimiento de la propia Ley Org\u00e1nica del Poder Judicial por los mismos ministros de la Corte y tambi\u00e9n hay responsabilidad administrativa y pol\u00edtica\u201d.<\/p>\n<p>Como les explic\u00f3 el coordinador Mier, apunt\u00f3 Robledo, \u201cla ley establece otro procedimiento antes de ejercer el voto de calidad por parte del presidente de una de las salas. Debieron haber llamado a otro ministro para que intentara un nuevo proyecto de sentencia, que intentara conciliar las dos argumentaciones contradictorias. Si continuara el empate, entonces s\u00ed podr\u00eda el ministro ejercer su voto de calidad. No hicieron eso. Violaron su propia ley\u201d.<\/p>\n<p>Y, abund\u00f3 \u201ca nuestro juicio, implica responsabilidad administrativa y pol\u00edtica. La Constituci\u00f3n, art\u00edculo 110, segundo p\u00e1rrafo, dice que los ministros y otras autoridades importantes de la Federaci\u00f3n mexicana son responsables, pol\u00edticamente, por violar la Constituci\u00f3n o por violar una ley fundamental, una ley federal. Es el caso. Vamos a analizar esto y pronto haremos el planteamiento que corresponda. Tambi\u00e9n responsabilidad administrativa\u201d.<\/p>\n<p>La vicecoordinadora de Morena, la diputada, Alavez, dio a conocer que \u201cvamos a acelerar las reformas. a la Suprema Corte de Justicia, como Poder, la regulan dos leyes: la Ley Org\u00e1nica del Poder Judicial y la Ley de Amparo, y si es necesario en la Ley de Amparo haremos las reformas correspondientes porque ese voto de calidad, tramposamente usado, lo vamos a eliminar\u201d.<\/p>\n<p>Fuente: LA JORNADA<\/p>\n<p>Cr\u00e9ditos foto: JAZM\u00cdN ORTEGA\/ LA JORNADA<\/p>\n<p>&nbsp;<\/p>\n","protected":false},"excerpt":{"rendered":"<p>Ciudad de M\u00e9xico. Morena en la C\u00e1mara de Diputados presentar\u00e1, en breve, una solicitud de juicio pol\u00edtico contra el ministro Alberto P\u00e9rez Day\u00e1n y tambi\u00e9n exigir\u00e1, \u201cque se le finque responsabilidad administrativa\u201d, porque al emitir su voto de calidad, en el juicio de amparo por el que se declar\u00f3 inconstitucional la Reforma El\u00e9ctrica del presidente [&hellip;]<\/p>\n","protected":false},"author":9,"featured_media":54048,"comment_status":"closed","ping_status":"closed","sticky":false,"template":"","format":"standard","meta":{"footnotes":""},"categories":[19],"tags":[124,11628,11627,10153,11629,5859],"class_list":["post-54047","post","type-post","status-publish","format-standard","has-post-thumbnail","hentry","category-nacional","tag-amlo","tag-jucuopolitico","tag-ministroperezdayan","tag-poderjudicial","tag-reformaelectricaanticonstitucional","tag-ultimas-noticias"],"_links":{"self":[{"href":"https:\/\/laultimapalabra.com.mx\/portal\/wp-json\/wp\/v2\/posts\/54047","targetHints":{"allow":["GET"]}}],"collection":[{"href":"https:\/\/laultimapalabra.com.mx\/portal\/wp-json\/wp\/v2\/posts"}],"about":[{"href":"https:\/\/laultimapalabra.com.mx\/portal\/wp-json\/wp\/v2\/types\/post"}],"author":[{"embeddable":true,"href":"https:\/\/laultimapalabra.com.mx\/portal\/wp-json\/wp\/v2\/users\/9"}],"replies":[{"embeddable":true,"href":"https:\/\/laultimapalabra.com.mx\/portal\/wp-json\/wp\/v2\/comments?post=54047"}],"version-history":[{"count":1,"href":"https:\/\/laultimapalabra.com.mx\/portal\/wp-json\/wp\/v2\/posts\/54047\/revisions"}],"predecessor-version":[{"id":54049,"href":"https:\/\/laultimapalabra.com.mx\/portal\/wp-json\/wp\/v2\/posts\/54047\/revisions\/54049"}],"wp:featuredmedia":[{"embeddable":true,"href":"https:\/\/laultimapalabra.com.mx\/portal\/wp-json\/wp\/v2\/media\/54048"}],"wp:attachment":[{"href":"https:\/\/laultimapalabra.com.mx\/portal\/wp-json\/wp\/v2\/media?parent=54047"}],"wp:term":[{"taxonomy":"category","embeddable":true,"href":"https:\/\/laultimapalabra.com.mx\/portal\/wp-json\/wp\/v2\/categories?post=54047"},{"taxonomy":"post_tag","embeddable":true,"href":"https:\/\/laultimapalabra.com.mx\/portal\/wp-json\/wp\/v2\/tags?post=54047"}],"curies":[{"name":"wp","href":"https:\/\/api.w.org\/{rel}","templated":true}]}}