                       {"id":54140,"date":"2024-02-04T19:23:20","date_gmt":"2024-02-05T01:23:20","guid":{"rendered":"https:\/\/laultimapalabra.com.mx\/portal\/?p=54140"},"modified":"2024-02-04T19:25:12","modified_gmt":"2024-02-05T01:25:12","slug":"se-incendia-yonque-por-carretera-a-san-mateo","status":"publish","type":"post","link":"https:\/\/laultimapalabra.com.mx\/portal\/se-incendia-yonque-por-carretera-a-san-mateo\/","title":{"rendered":"Se incendia yonque por carretera a San Mateo"},"content":{"rendered":"\n<p>Ju\u00e1rez, N.L.-Elementos de Protecci\u00f3n Civil de Ju\u00e1rez, lucharon por cerca de cuatro horas, contra un incendio suscitado en un deshuesadero de camiones, ubicado en el kil\u00f3metro 25 de la carretera Ju\u00e1rez-San Mateo.<br>El sitio que es un dep\u00f3sito de refacciones usadas de camiones, corr\u00eda el peligro de consumirse en su totalidad, debido a la hierba seca y crecida en su interior.<br>El propietario dijo a las autoridades que el siniestro pudo haber sido provocado por una empresa vecina de alimentos, ya que no es la primera vez que sucede este tipo de incidentes.<br>Protecci\u00f3n Civil de Ju\u00e1rez iniciar\u00e1 un peritaje para dar con las verdaderas causas del incendio y deslindar responsabilidades.<\/p>\n","protected":false},"excerpt":{"rendered":"<p>Ju\u00e1rez, N.L.-Elementos de Protecci\u00f3n Civil de Ju\u00e1rez, lucharon por cerca de cuatro horas, contra un incendio suscitado en un deshuesadero de camiones, ubicado en el kil\u00f3metro 25 de la carretera Ju\u00e1rez-San Mateo.El sitio que es un dep\u00f3sito de refacciones usadas de camiones, corr\u00eda el peligro de consumirse en su totalidad, debido a la hierba seca [&hellip;]<\/p>\n","protected":false},"author":7,"featured_media":54139,"comment_status":"closed","ping_status":"closed","sticky":false,"template":"","format":"standard","meta":{"footnotes":""},"categories":[10],"tags":[4034,6971,11644],"class_list":["post-54140","post","type-post","status-publish","format-standard","has-post-thumbnail","hentry","category-seguridad-juarez","tag-carretera-a-san-mateo","tag-proteccion-civil-de-juarez","tag-se-incendio-yonque"],"_links":{"self":[{"href":"https:\/\/laultimapalabra.com.mx\/portal\/wp-json\/wp\/v2\/posts\/54140","targetHints":{"allow":["GET"]}}],"collection":[{"href":"https:\/\/laultimapalabra.com.mx\/portal\/wp-json\/wp\/v2\/posts"}],"about":[{"href":"https:\/\/laultimapalabra.com.mx\/portal\/wp-json\/wp\/v2\/types\/post"}],"author":[{"embeddable":true,"href":"https:\/\/laultimapalabra.com.mx\/portal\/wp-json\/wp\/v2\/users\/7"}],"replies":[{"embeddable":true,"href":"https:\/\/laultimapalabra.com.mx\/portal\/wp-json\/wp\/v2\/comments?post=54140"}],"version-history":[{"count":1,"href":"https:\/\/laultimapalabra.com.mx\/portal\/wp-json\/wp\/v2\/posts\/54140\/revisions"}],"predecessor-version":[{"id":54141,"href":"https:\/\/laultimapalabra.com.mx\/portal\/wp-json\/wp\/v2\/posts\/54140\/revisions\/54141"}],"wp:featuredmedia":[{"embeddable":true,"href":"https:\/\/laultimapalabra.com.mx\/portal\/wp-json\/wp\/v2\/media\/54139"}],"wp:attachment":[{"href":"https:\/\/laultimapalabra.com.mx\/portal\/wp-json\/wp\/v2\/media?parent=54140"}],"wp:term":[{"taxonomy":"category","embeddable":true,"href":"https:\/\/laultimapalabra.com.mx\/portal\/wp-json\/wp\/v2\/categories?post=54140"},{"taxonomy":"post_tag","embeddable":true,"href":"https:\/\/laultimapalabra.com.mx\/portal\/wp-json\/wp\/v2\/tags?post=54140"}],"curies":[{"name":"wp","href":"https:\/\/api.w.org\/{rel}","templated":true}]}}