                       {"id":54308,"date":"2024-02-08T12:18:17","date_gmt":"2024-02-08T18:18:17","guid":{"rendered":"https:\/\/laultimapalabra.com.mx\/portal\/?p=54308"},"modified":"2024-02-08T12:18:17","modified_gmt":"2024-02-08T18:18:17","slug":"recibe-sheinbaum-constancia-de-candidata-por-el-pt","status":"publish","type":"post","link":"https:\/\/laultimapalabra.com.mx\/portal\/recibe-sheinbaum-constancia-de-candidata-por-el-pt\/","title":{"rendered":"Recibe Sheinbaum constancia de candidata por el PT"},"content":{"rendered":"<p>\u2022 \u201cNo nos vamos a cansar de seguir luchando, en cualquier lugar donde estemos y m\u00e1s desde la Presidencia de la Rep\u00fablica&#8221;, afirm\u00f3 ante militantes del PT de todo el pa\u00eds<\/p>\n<p>&nbsp;<\/p>\n<p>\u2022\u201cEstamos ante una persona que, sin lugar a dudas, garantiza la continuidad del proyecto de la Cuarta Revoluci\u00f3n\u201d, asever\u00f3 el dirigente nacional del PT, Alberto Anaya<\/p>\n<p>&nbsp;<\/p>\n<p>Ciudad de M\u00e9xico, a 07 de febrero de 2024.- Seguir luchando por la democracia, la libertad, la vida digna y los derechos del pueblo de M\u00e9xico son el objetivo de la Cuarta Transformaci\u00f3n, afirm\u00f3 Claudia Sheinbaum Pardo, tras recibir su constancia como candidata del Partido del Trabajo (PT) a la Presidencia de la Rep\u00fablica, como parte de la coalici\u00f3n \u201cSigamos Haciendo Historia\u201d, integrada tambi\u00e9n por el Movimiento de Regeneraci\u00f3n Nacional (Morena) y el Partido Verde Ecologista de M\u00e9xico (PVEM).<\/p>\n<p>&nbsp;<\/p>\n<p>\u201cNuestras causas son la democracia, son las libertades, son la vida digna del pueblo de M\u00e9xico y son los derechos del pueblo de M\u00e9xico; por eso hemos luchado, por eso protestamos y por eso, cuando lleguemos, nuestra protesta junto con ustedes es que no nos vamos a cansar de seguir luchando, en cualquier lugar donde estemos y m\u00e1s desde la Presidencia de la Rep\u00fablica, por seguir trabajando junto al pueblo de M\u00e9xico por la construcci\u00f3n de un M\u00e9xico de derechos, un M\u00e9xico democr\u00e1tico, un M\u00e9xico de libertades, un M\u00e9xico donde el Humanismo Mexicano sea parte de nuestra vida cotidiana y no la avaricia, la envidia y acumular riqueza sin su distribuci\u00f3n\u201d, afirm\u00f3 ante militantes que se dieron cita a la Convenci\u00f3n Nacional Electoral del PT.<\/p>\n<p>&nbsp;<\/p>\n<p>El compromiso con la militancia fue seguir luchando para continuar con la construcci\u00f3n de un M\u00e9xico sin pobreza, ni desigualdades, heredadas de un modelo neoliberal que atent\u00f3 contra las libertades de las y los mexicanos.<\/p>\n<p>&nbsp;<\/p>\n<p>\u201cVamos a llegar a la Presidencia de la Rep\u00fablica y desde ah\u00ed vamos a seguir luchando, vamos a seguir construyendo un mejor M\u00e9xico y ese M\u00e9xico tiene que tener por encima de todo, la erradicaci\u00f3n de la pobreza, la disminuci\u00f3n de las desigualdades, recuperar y construir nuevamente y hacia el futuro todav\u00eda m\u00e1s los derechos del pueblo de M\u00e9xico\u201d, agreg\u00f3.<\/p>\n<p>&nbsp;<\/p>\n<p>Dej\u00f3 claro que la lucha por la democracia y las libertades son \u00fanicamente bandera del movimiento de la 4T y no de la oposici\u00f3n, la cual vendi\u00f3 la idea de un concepto de libertad condicionado a las circunstancias del mercado y con salarios de hambre.<\/p>\n<p>&nbsp;<\/p>\n<p>\u201cLa democracia es nuestra bandera, la de ellos es el autoritarismo\u201d, agreg\u00f3.<\/p>\n<p>&nbsp;<\/p>\n<p>Por su parte, el dirigente nacional de Morena, Mario Delgado Carrillo, record\u00f3 que Claudia Sheinbaum representa la continuaci\u00f3n de la transformaci\u00f3n, mientras que la oposici\u00f3n es el pasado de corrupci\u00f3n y privilegios que son evidentes desde los acuerdos cupulares para definir sus candidaturas en este a\u00f1o.<\/p>\n<p>&nbsp;<\/p>\n<p>\u201cVean la alianza que conformaron el PRI y el PAN, mientras nuestra candidata viene de una elecci\u00f3n directa en las encuestas de manera libre, democr\u00e1tica y transparente, la candidata del PRI y el PAN viene de un acuerdo de corrupci\u00f3n en Coahuila y en Estado de M\u00e9xico, donde acordaron repartirse cargos para saquear esos gobiernos y de paso pactar la candidatura presidencial\u201d, apunt\u00f3.<\/p>\n<p>&nbsp;<\/p>\n<p>En su intervenci\u00f3n, el coordinador de Enlace con Organizaciones Civiles, Gerardo Fern\u00e1ndez Noro\u00f1a, destac\u00f3 el momento hist\u00f3rico que vive el pa\u00eds para que M\u00e9xico tenga su primera mujer presidente en 200 a\u00f1os.<\/p>\n<p>\u201cCuando le digo que Claudia ser\u00e1 la pr\u00f3xima presidente de la Rep\u00fablica, lo digo con toda la conciencia y el orgullo de que una mujer va a encabezar los destinos de la patria y que esa mujer tiene de mi parte mi respaldo, mi admiraci\u00f3n y mi reconocimiento\u201d, manifest\u00f3.<\/p>\n<p>&nbsp;<\/p>\n<p>De igual forma, la dirigente nacional del PVEM, Karen Castrej\u00f3n destac\u00f3 el perfil acad\u00e9mico y cient\u00edfico de Claudia Sheinbaum, que la convierten en la mejor opci\u00f3n para dirigir el rumbo del pa\u00eds.<\/p>\n<p>&nbsp;<\/p>\n<p>\u201cHoy estamos muy contentos, desde el PVEM, de llevar a una mujer preparada, a una mujer cient\u00edfica y hoy el PT se viste tambi\u00e9n de manteles largos en otorgar la candidatura a una mujer que representa todos los valores y principios que el Partido del Trabajo busca para llevar y acompa\u00f1ar a una mujer a la Presidencia de la Rep\u00fablica\u201d, expres\u00f3.<\/p>\n<p>&nbsp;<\/p>\n<p>Al respecto, el senador del PVEM, Manuel Velasco, agreg\u00f3 el cari\u00f1o y compromiso que la candidata de \u201cSigamos Haciendo Historia\u201d tiene con el pueblo de M\u00e9xico.<\/p>\n<p>&nbsp;<\/p>\n<p>\u201cTodos estamos siendo testigos de que tenemos a la mejor mujer, no solamente es la m\u00e1s preparada, sino que es una mujer que lleva al pueblo de M\u00e9xico en su mente y en su coraz\u00f3n\u201d, a\u00f1adi\u00f3.<\/p>\n<p>&nbsp;<\/p>\n<p>Finalmente, el senador del PT, Gonzalo Ya\u00f1ez, record\u00f3 que el pr\u00f3ximo 1 de marzo inicia la campa\u00f1a de Claudia Sheinbaum en el Z\u00f3calo de la Ciudad de M\u00e9xico, donde anticip\u00f3 que habr\u00e1 un \u201cZ\u00f3calo Claudista\u201d.<\/p>\n<p>&nbsp;<\/p>\n<p>Al acto tambi\u00e9n acudieron las y los candidatos al Senado de la Rep\u00fablica, \u00d3scar Cant\u00f3n, Beatriz Robles, Santiago Nieto, Dami\u00e1n Sosa; as\u00ed como Manuel Talayero, secretario de Organizaci\u00f3n del PVEM en la Ciudad de M\u00e9xico; la candidata de \u201cSigamos Haciendo Historia\u201d a la gubernatura de Guanajuato, Alma Alcaraz; y Sebasti\u00e1n Ram\u00edrez, dirigente de Morena en CDMX.<\/p>\n","protected":false},"excerpt":{"rendered":"<p>\u2022 \u201cNo nos vamos a cansar de seguir luchando, en cualquier lugar donde estemos y m\u00e1s desde la Presidencia de la Rep\u00fablica&#8221;, afirm\u00f3 ante militantes del PT de todo el pa\u00eds &nbsp; \u2022\u201cEstamos ante una persona que, sin lugar a dudas, garantiza la continuidad del proyecto de la Cuarta Revoluci\u00f3n\u201d, asever\u00f3 el dirigente nacional del [&hellip;]<\/p>\n","protected":false},"author":9,"featured_media":54309,"comment_status":"closed","ping_status":"closed","sticky":false,"template":"","format":"standard","meta":{"footnotes":""},"categories":[19],"tags":[11678,1884,5859],"class_list":["post-54308","post","type-post","status-publish","format-standard","has-post-thumbnail","hentry","category-nacional","tag-claudiashenbaum-ultimasnoticias","tag-pt","tag-ultimas-noticias"],"_links":{"self":[{"href":"https:\/\/laultimapalabra.com.mx\/portal\/wp-json\/wp\/v2\/posts\/54308","targetHints":{"allow":["GET"]}}],"collection":[{"href":"https:\/\/laultimapalabra.com.mx\/portal\/wp-json\/wp\/v2\/posts"}],"about":[{"href":"https:\/\/laultimapalabra.com.mx\/portal\/wp-json\/wp\/v2\/types\/post"}],"author":[{"embeddable":true,"href":"https:\/\/laultimapalabra.com.mx\/portal\/wp-json\/wp\/v2\/users\/9"}],"replies":[{"embeddable":true,"href":"https:\/\/laultimapalabra.com.mx\/portal\/wp-json\/wp\/v2\/comments?post=54308"}],"version-history":[{"count":1,"href":"https:\/\/laultimapalabra.com.mx\/portal\/wp-json\/wp\/v2\/posts\/54308\/revisions"}],"predecessor-version":[{"id":54310,"href":"https:\/\/laultimapalabra.com.mx\/portal\/wp-json\/wp\/v2\/posts\/54308\/revisions\/54310"}],"wp:featuredmedia":[{"embeddable":true,"href":"https:\/\/laultimapalabra.com.mx\/portal\/wp-json\/wp\/v2\/media\/54309"}],"wp:attachment":[{"href":"https:\/\/laultimapalabra.com.mx\/portal\/wp-json\/wp\/v2\/media?parent=54308"}],"wp:term":[{"taxonomy":"category","embeddable":true,"href":"https:\/\/laultimapalabra.com.mx\/portal\/wp-json\/wp\/v2\/categories?post=54308"},{"taxonomy":"post_tag","embeddable":true,"href":"https:\/\/laultimapalabra.com.mx\/portal\/wp-json\/wp\/v2\/tags?post=54308"}],"curies":[{"name":"wp","href":"https:\/\/api.w.org\/{rel}","templated":true}]}}