                       {"id":54354,"date":"2024-02-08T16:17:04","date_gmt":"2024-02-08T22:17:04","guid":{"rendered":"https:\/\/laultimapalabra.com.mx\/portal\/?p=54354"},"modified":"2024-02-08T16:17:04","modified_gmt":"2024-02-08T22:17:04","slug":"unira-obra-de-pavimento-a-colinas-del-sol-e-infonavit-la-reforma","status":"publish","type":"post","link":"https:\/\/laultimapalabra.com.mx\/portal\/unira-obra-de-pavimento-a-colinas-del-sol-e-infonavit-la-reforma\/","title":{"rendered":"Unir\u00e1 obra de pavimento a Colinas del Sol e Infonavit La Reforma\u00a0"},"content":{"rendered":"<p>Ju\u00e1rez N.L.<\/p>\n<p>Esta ma\u00f1ana, a las 11:00 horas, el alcalde de Ju\u00e1rez, Paco Trevi\u00f1o, arranc\u00f3 la pavimentaci\u00f3n de una brecha que unir\u00e1 las calles de Camino Real por el lado de Infonavit La Reforma y la calle Doctor Gonz\u00e1lez del sector \u00c9lite de Colinas del Sol.<\/p>\n<p>El alcalde juarense y el secretario de Obras P\u00fablicas, Juan Carlos Mauricio, explicaron que la obra tendr\u00e1 un monto de 1 mill\u00f3n 800 mil pesos y constar\u00e1 de 300 metros lineales de pavimento asf\u00e1ltico con una \u00e1rea de 1,200 metros cuadrados y luminarias.<\/p>\n<p>El edil juarense explic\u00f3 que dicha obra era un compromiso que hab\u00eda adquirido con los vecinos y que ahora lleg\u00f3 la hora de cumplirles.<\/p>\n","protected":false},"excerpt":{"rendered":"<p>Ju\u00e1rez N.L. Esta ma\u00f1ana, a las 11:00 horas, el alcalde de Ju\u00e1rez, Paco Trevi\u00f1o, arranc\u00f3 la pavimentaci\u00f3n de una brecha que unir\u00e1 las calles de Camino Real por el lado de Infonavit La Reforma y la calle Doctor Gonz\u00e1lez del sector \u00c9lite de Colinas del Sol. El alcalde juarense y el secretario de Obras P\u00fablicas, [&hellip;]<\/p>\n","protected":false},"author":9,"featured_media":54355,"comment_status":"closed","ping_status":"closed","sticky":false,"template":"","format":"standard","meta":{"footnotes":""},"categories":[18],"tags":[3590,1741,5859],"class_list":["post-54354","post","type-post","status-publish","format-standard","has-post-thumbnail","hentry","category-locales-juarez","tag-juarez-nl","tag-pavimentacion","tag-ultimas-noticias"],"_links":{"self":[{"href":"https:\/\/laultimapalabra.com.mx\/portal\/wp-json\/wp\/v2\/posts\/54354","targetHints":{"allow":["GET"]}}],"collection":[{"href":"https:\/\/laultimapalabra.com.mx\/portal\/wp-json\/wp\/v2\/posts"}],"about":[{"href":"https:\/\/laultimapalabra.com.mx\/portal\/wp-json\/wp\/v2\/types\/post"}],"author":[{"embeddable":true,"href":"https:\/\/laultimapalabra.com.mx\/portal\/wp-json\/wp\/v2\/users\/9"}],"replies":[{"embeddable":true,"href":"https:\/\/laultimapalabra.com.mx\/portal\/wp-json\/wp\/v2\/comments?post=54354"}],"version-history":[{"count":1,"href":"https:\/\/laultimapalabra.com.mx\/portal\/wp-json\/wp\/v2\/posts\/54354\/revisions"}],"predecessor-version":[{"id":54356,"href":"https:\/\/laultimapalabra.com.mx\/portal\/wp-json\/wp\/v2\/posts\/54354\/revisions\/54356"}],"wp:featuredmedia":[{"embeddable":true,"href":"https:\/\/laultimapalabra.com.mx\/portal\/wp-json\/wp\/v2\/media\/54355"}],"wp:attachment":[{"href":"https:\/\/laultimapalabra.com.mx\/portal\/wp-json\/wp\/v2\/media?parent=54354"}],"wp:term":[{"taxonomy":"category","embeddable":true,"href":"https:\/\/laultimapalabra.com.mx\/portal\/wp-json\/wp\/v2\/categories?post=54354"},{"taxonomy":"post_tag","embeddable":true,"href":"https:\/\/laultimapalabra.com.mx\/portal\/wp-json\/wp\/v2\/tags?post=54354"}],"curies":[{"name":"wp","href":"https:\/\/api.w.org\/{rel}","templated":true}]}}