                       {"id":54401,"date":"2024-02-09T15:07:57","date_gmt":"2024-02-09T21:07:57","guid":{"rendered":"https:\/\/laultimapalabra.com.mx\/portal\/?p=54401"},"modified":"2024-02-09T15:09:22","modified_gmt":"2024-02-09T21:09:22","slug":"piden-heriberto-y-julio-cantu-metro-para-juarez","status":"publish","type":"post","link":"https:\/\/laultimapalabra.com.mx\/portal\/piden-heriberto-y-julio-cantu-metro-para-juarez\/","title":{"rendered":"Piden Heriberto y Julio Cant\u00fa metro para Ju\u00e1rez\u00a0"},"content":{"rendered":"<p>Ju\u00e1rez, N.L.<\/p>\n<p>El l\u00edder de la fracci\u00f3n priista en el Congreso del estado, Heriberto Trevi\u00f1o y el legislador juarense, Julio Cant\u00fa, hicieron un llamado al gobierno del estado para que Ju\u00e1rez sea contemplado en los proyectos de movilidad para los municipios de Nuevo Le\u00f3n.<\/p>\n<p>&nbsp;<\/p>\n<p>&nbsp;<\/p>\n<p>&nbsp;<\/p>\n<p><img loading=\"lazy\" decoding=\"async\" class=\"alignnone size-medium wp-image-54403\" src=\"https:\/\/laultimapalabra.com.mx\/portal\/wp-content\/uploads\/2024\/02\/IMG-20240209-WA0043-300x300.jpg\" alt=\"\" width=\"300\" height=\"300\" srcset=\"https:\/\/laultimapalabra.com.mx\/portal\/wp-content\/uploads\/2024\/02\/IMG-20240209-WA0043-300x300.jpg 300w, https:\/\/laultimapalabra.com.mx\/portal\/wp-content\/uploads\/2024\/02\/IMG-20240209-WA0043-150x150.jpg 150w, https:\/\/laultimapalabra.com.mx\/portal\/wp-content\/uploads\/2024\/02\/IMG-20240209-WA0043-80x80.jpg 80w, https:\/\/laultimapalabra.com.mx\/portal\/wp-content\/uploads\/2024\/02\/IMG-20240209-WA0043.jpg 683w\" sizes=\"auto, (max-width: 300px) 100vw, 300px\" \/> <img loading=\"lazy\" decoding=\"async\" class=\"alignnone size-medium wp-image-54404\" src=\"https:\/\/laultimapalabra.com.mx\/portal\/wp-content\/uploads\/2024\/02\/IMG-20240209-WA0041-254x300.jpg\" alt=\"\" width=\"254\" height=\"300\" srcset=\"https:\/\/laultimapalabra.com.mx\/portal\/wp-content\/uploads\/2024\/02\/IMG-20240209-WA0041-254x300.jpg 254w, https:\/\/laultimapalabra.com.mx\/portal\/wp-content\/uploads\/2024\/02\/IMG-20240209-WA0041-768x907.jpg 768w, https:\/\/laultimapalabra.com.mx\/portal\/wp-content\/uploads\/2024\/02\/IMG-20240209-WA0041.jpg 853w\" sizes=\"auto, (max-width: 254px) 100vw, 254px\" \/><\/p>\n<p>Ambos diputados pidieron espec\u00edficamente al Director del Sistema de Transporte Colectivo Metrorrey y al titular de la Secretar\u00eda de Movilidad y Planeaci\u00f3n Urbana, que la l\u00ednea uno del metro se extienda hasta Ju\u00e1rez.<\/p>\n<p>Mencion\u00f3 Heriberto Trevi\u00f1o, que la petici\u00f3n lleva como estricto fin, el garantizar la movilidad del medio mill\u00f3n de habitantes de Ju\u00e1rez.<\/p>\n<p>A\u00f1adi\u00f3 adem\u00e1s que en el plan maestro de reordenamiento de movilidad, donde lastimosamente Ju\u00e1rez, no fue incluido.<\/p>\n","protected":false},"excerpt":{"rendered":"<p>Ju\u00e1rez, N.L. El l\u00edder de la fracci\u00f3n priista en el Congreso del estado, Heriberto Trevi\u00f1o y el legislador juarense, Julio Cant\u00fa, hicieron un llamado al gobierno del estado para que Ju\u00e1rez sea contemplado en los proyectos de movilidad para los municipios de Nuevo Le\u00f3n. &nbsp; &nbsp; &nbsp; Ambos diputados pidieron espec\u00edficamente al Director del Sistema [&hellip;]<\/p>\n","protected":false},"author":9,"featured_media":54406,"comment_status":"closed","ping_status":"closed","sticky":false,"template":"","format":"standard","meta":{"footnotes":""},"categories":[18],"tags":[3590,11699,5859],"class_list":["post-54401","post","type-post","status-publish","format-standard","has-post-thumbnail","hentry","category-locales-juarez","tag-juarez-nl","tag-metro-para-juarez","tag-ultimas-noticias"],"_links":{"self":[{"href":"https:\/\/laultimapalabra.com.mx\/portal\/wp-json\/wp\/v2\/posts\/54401","targetHints":{"allow":["GET"]}}],"collection":[{"href":"https:\/\/laultimapalabra.com.mx\/portal\/wp-json\/wp\/v2\/posts"}],"about":[{"href":"https:\/\/laultimapalabra.com.mx\/portal\/wp-json\/wp\/v2\/types\/post"}],"author":[{"embeddable":true,"href":"https:\/\/laultimapalabra.com.mx\/portal\/wp-json\/wp\/v2\/users\/9"}],"replies":[{"embeddable":true,"href":"https:\/\/laultimapalabra.com.mx\/portal\/wp-json\/wp\/v2\/comments?post=54401"}],"version-history":[{"count":1,"href":"https:\/\/laultimapalabra.com.mx\/portal\/wp-json\/wp\/v2\/posts\/54401\/revisions"}],"predecessor-version":[{"id":54405,"href":"https:\/\/laultimapalabra.com.mx\/portal\/wp-json\/wp\/v2\/posts\/54401\/revisions\/54405"}],"wp:featuredmedia":[{"embeddable":true,"href":"https:\/\/laultimapalabra.com.mx\/portal\/wp-json\/wp\/v2\/media\/54406"}],"wp:attachment":[{"href":"https:\/\/laultimapalabra.com.mx\/portal\/wp-json\/wp\/v2\/media?parent=54401"}],"wp:term":[{"taxonomy":"category","embeddable":true,"href":"https:\/\/laultimapalabra.com.mx\/portal\/wp-json\/wp\/v2\/categories?post=54401"},{"taxonomy":"post_tag","embeddable":true,"href":"https:\/\/laultimapalabra.com.mx\/portal\/wp-json\/wp\/v2\/tags?post=54401"}],"curies":[{"name":"wp","href":"https:\/\/api.w.org\/{rel}","templated":true}]}}