                       {"id":54407,"date":"2024-02-09T15:24:57","date_gmt":"2024-02-09T21:24:57","guid":{"rendered":"https:\/\/laultimapalabra.com.mx\/portal\/?p=54407"},"modified":"2024-02-09T15:24:57","modified_gmt":"2024-02-09T21:24:57","slug":"se-convierte-en-rio-de-aguas-negras-calles-de-bellavista","status":"publish","type":"post","link":"https:\/\/laultimapalabra.com.mx\/portal\/se-convierte-en-rio-de-aguas-negras-calles-de-bellavista\/","title":{"rendered":"Se convierte en r\u00edo de aguas negras calles de Bellavista"},"content":{"rendered":"<p>Cadereyta Jim\u00e9nez, N.L.- Una fuga de aguas negras de dos alcantarillas juntas, est\u00e1n ocasionado desde esta ma\u00f1ana, que varias calles de la colonia Bellavista se conviertan en un r\u00edo pero de aguas negras.<\/p>\n<p>&nbsp;<\/p>\n<p>&nbsp;<\/p>\n<p>&nbsp;<\/p>\n<p><img loading=\"lazy\" decoding=\"async\" class=\"alignnone size-medium wp-image-54409\" src=\"https:\/\/laultimapalabra.com.mx\/portal\/wp-content\/uploads\/2024\/02\/IMG-20240209-WA0058-300x169.jpg\" alt=\"\" width=\"300\" height=\"169\" srcset=\"https:\/\/laultimapalabra.com.mx\/portal\/wp-content\/uploads\/2024\/02\/IMG-20240209-WA0058-300x169.jpg 300w, https:\/\/laultimapalabra.com.mx\/portal\/wp-content\/uploads\/2024\/02\/IMG-20240209-WA0058-1024x576.jpg 1024w, https:\/\/laultimapalabra.com.mx\/portal\/wp-content\/uploads\/2024\/02\/IMG-20240209-WA0058-768x432.jpg 768w, https:\/\/laultimapalabra.com.mx\/portal\/wp-content\/uploads\/2024\/02\/IMG-20240209-WA0058-1536x864.jpg 1536w, https:\/\/laultimapalabra.com.mx\/portal\/wp-content\/uploads\/2024\/02\/IMG-20240209-WA0058.jpg 1599w\" sizes=\"auto, (max-width: 300px) 100vw, 300px\" \/> <img loading=\"lazy\" decoding=\"async\" class=\"alignnone size-medium wp-image-54410\" src=\"https:\/\/laultimapalabra.com.mx\/portal\/wp-content\/uploads\/2024\/02\/IMG-20240209-WA0057-300x225.jpg\" alt=\"\" width=\"300\" height=\"225\" srcset=\"https:\/\/laultimapalabra.com.mx\/portal\/wp-content\/uploads\/2024\/02\/IMG-20240209-WA0057-300x225.jpg 300w, https:\/\/laultimapalabra.com.mx\/portal\/wp-content\/uploads\/2024\/02\/IMG-20240209-WA0057-1024x768.jpg 1024w, https:\/\/laultimapalabra.com.mx\/portal\/wp-content\/uploads\/2024\/02\/IMG-20240209-WA0057-768x576.jpg 768w, https:\/\/laultimapalabra.com.mx\/portal\/wp-content\/uploads\/2024\/02\/IMG-20240209-WA0057-1536x1152.jpg 1536w, https:\/\/laultimapalabra.com.mx\/portal\/wp-content\/uploads\/2024\/02\/IMG-20240209-WA0057.jpg 1600w\" sizes=\"auto, (max-width: 300px) 100vw, 300px\" \/><\/p>\n<p>Comerciantes de la avenida Puerto San Jorge y la calle Puerto Cozumel, mencionaron que la fuga comenz\u00f3 desde temprana hora pero en una alcantarilla a unos metros, la cual fue destapada, sin embargo, minutos despu\u00e9s comenz\u00f3 otra m\u00e1s grande las dos alcantarillas.<\/p>\n<p>Un comerciante de ropa, qued\u00f3 cerca de las aguas negras, por lo que coment\u00f3 que se iba a retirar temprano, por la insalubridad que generan las aguas negras, tanto como negocios de comidas cercanos, por lo que piden a la para estatal reparar la fuga lo antes posible.<\/p>\n","protected":false},"excerpt":{"rendered":"<p>Cadereyta Jim\u00e9nez, N.L.- Una fuga de aguas negras de dos alcantarillas juntas, est\u00e1n ocasionado desde esta ma\u00f1ana, que varias calles de la colonia Bellavista se conviertan en un r\u00edo pero de aguas negras. &nbsp; &nbsp; &nbsp; Comerciantes de la avenida Puerto San Jorge y la calle Puerto Cozumel, mencionaron que la fuga comenz\u00f3 desde temprana [&hellip;]<\/p>\n","protected":false},"author":9,"featured_media":54408,"comment_status":"closed","ping_status":"closed","sticky":false,"template":"","format":"standard","meta":{"footnotes":""},"categories":[17],"tags":[73,3840,3590,11699,5859],"class_list":["post-54407","post","type-post","status-publish","format-standard","has-post-thumbnail","hentry","category-locales-cadereyta","tag-aguas-negras","tag-cadereyta-jimenez-nl","tag-juarez-nl","tag-metro-para-juarez","tag-ultimas-noticias"],"_links":{"self":[{"href":"https:\/\/laultimapalabra.com.mx\/portal\/wp-json\/wp\/v2\/posts\/54407","targetHints":{"allow":["GET"]}}],"collection":[{"href":"https:\/\/laultimapalabra.com.mx\/portal\/wp-json\/wp\/v2\/posts"}],"about":[{"href":"https:\/\/laultimapalabra.com.mx\/portal\/wp-json\/wp\/v2\/types\/post"}],"author":[{"embeddable":true,"href":"https:\/\/laultimapalabra.com.mx\/portal\/wp-json\/wp\/v2\/users\/9"}],"replies":[{"embeddable":true,"href":"https:\/\/laultimapalabra.com.mx\/portal\/wp-json\/wp\/v2\/comments?post=54407"}],"version-history":[{"count":1,"href":"https:\/\/laultimapalabra.com.mx\/portal\/wp-json\/wp\/v2\/posts\/54407\/revisions"}],"predecessor-version":[{"id":54411,"href":"https:\/\/laultimapalabra.com.mx\/portal\/wp-json\/wp\/v2\/posts\/54407\/revisions\/54411"}],"wp:featuredmedia":[{"embeddable":true,"href":"https:\/\/laultimapalabra.com.mx\/portal\/wp-json\/wp\/v2\/media\/54408"}],"wp:attachment":[{"href":"https:\/\/laultimapalabra.com.mx\/portal\/wp-json\/wp\/v2\/media?parent=54407"}],"wp:term":[{"taxonomy":"category","embeddable":true,"href":"https:\/\/laultimapalabra.com.mx\/portal\/wp-json\/wp\/v2\/categories?post=54407"},{"taxonomy":"post_tag","embeddable":true,"href":"https:\/\/laultimapalabra.com.mx\/portal\/wp-json\/wp\/v2\/tags?post=54407"}],"curies":[{"name":"wp","href":"https:\/\/api.w.org\/{rel}","templated":true}]}}