                       {"id":54587,"date":"2024-02-14T16:06:43","date_gmt":"2024-02-14T22:06:43","guid":{"rendered":"https:\/\/laultimapalabra.com.mx\/portal\/?p=54587"},"modified":"2024-02-14T16:12:54","modified_gmt":"2024-02-14T22:12:54","slug":"prevencion-y-proximidad-en-cadereyta-para-una-mejor-seguridad-publica","status":"publish","type":"post","link":"https:\/\/laultimapalabra.com.mx\/portal\/prevencion-y-proximidad-en-cadereyta-para-una-mejor-seguridad-publica\/","title":{"rendered":"Realizan taller de prevenci\u00f3n y pr\u00f3ximidad"},"content":{"rendered":"<p>Cadereyta Jim\u00e9nez N.L. En refuerzo a las acciones operativas que se realizan de manera permanente a lo largo y ancho del municipio, la Secretar\u00eda de Seguridad P\u00fablica de Cadereyta ha intensificado los trabajos en \u00e1reas de Proximidad y Prevenci\u00f3n Social a personas de todas las edades.<\/p>\n<p>&nbsp;<\/p>\n<p>&nbsp;<\/p>\n<p>&nbsp;<\/p>\n<p>&nbsp;<\/p>\n<p><img loading=\"lazy\" decoding=\"async\" class=\"alignnone size-medium wp-image-54589\" src=\"https:\/\/laultimapalabra.com.mx\/portal\/wp-content\/uploads\/2024\/02\/IMG-20240214-WA0043-300x200.jpg\" alt=\"\" width=\"300\" height=\"200\" srcset=\"https:\/\/laultimapalabra.com.mx\/portal\/wp-content\/uploads\/2024\/02\/IMG-20240214-WA0043-300x200.jpg 300w, https:\/\/laultimapalabra.com.mx\/portal\/wp-content\/uploads\/2024\/02\/IMG-20240214-WA0043-1024x683.jpg 1024w, https:\/\/laultimapalabra.com.mx\/portal\/wp-content\/uploads\/2024\/02\/IMG-20240214-WA0043-768x512.jpg 768w, https:\/\/laultimapalabra.com.mx\/portal\/wp-content\/uploads\/2024\/02\/IMG-20240214-WA0043.jpg 1500w\" sizes=\"auto, (max-width: 300px) 100vw, 300px\" \/><\/p>\n<p>La corporaci\u00f3n jimenense tambi\u00e9n brinda un servicio cercano a menores con diversas problem\u00e1ticas a trav\u00e9s del Centro de Atenci\u00f3n Integral Para Adolescentes (CAIPA) en coordinaci\u00f3n con el Sistema DIF y tambi\u00e9n con el Instituto de la Mujer.<\/p>\n<p>&nbsp;<\/p>\n<p>&nbsp;<\/p>\n<p>&nbsp;<\/p>\n<p>&nbsp;<\/p>\n<p><img loading=\"lazy\" decoding=\"async\" class=\"alignnone size-medium wp-image-54590\" src=\"https:\/\/laultimapalabra.com.mx\/portal\/wp-content\/uploads\/2024\/02\/IMG-20240214-WA0044-300x168.jpg\" alt=\"\" width=\"300\" height=\"168\" srcset=\"https:\/\/laultimapalabra.com.mx\/portal\/wp-content\/uploads\/2024\/02\/IMG-20240214-WA0044-300x168.jpg 300w, https:\/\/laultimapalabra.com.mx\/portal\/wp-content\/uploads\/2024\/02\/IMG-20240214-WA0044-1024x575.jpg 1024w, https:\/\/laultimapalabra.com.mx\/portal\/wp-content\/uploads\/2024\/02\/IMG-20240214-WA0044-768x431.jpg 768w, https:\/\/laultimapalabra.com.mx\/portal\/wp-content\/uploads\/2024\/02\/IMG-20240214-WA0044-1536x862.jpg 1536w, https:\/\/laultimapalabra.com.mx\/portal\/wp-content\/uploads\/2024\/02\/IMG-20240214-WA0044.jpg 1600w\" sizes=\"auto, (max-width: 300px) 100vw, 300px\" \/><\/p>\n<p>\u00c1ngel Mario Rodr\u00edguez Montemayor, Secretario de Seguridad P\u00fablica y Vialidad municipal, destac\u00f3 la importancia de estos temas ya que influyen directamente en el combate a los \u00edndices delictivos pues se ven actitudes que se pueden resolver y prevenir.<\/p>\n<p>Agreg\u00f3 que a trav\u00e9s de Proximidad Social, que est\u00e1 a cargo de Carmen Garc\u00eda, se implement\u00f3 el taller socioemocional para j\u00f3venes en situaci\u00f3n vulnerable, d\u00e1ndoles informaci\u00f3n sobre diversos temas de autoconocimiento con el af\u00e1n de mejorar su condici\u00f3n mental a trav\u00e9s del fortalecimiento de autoestima y el manejo de sus emociones.<\/p>\n<p>Tambi\u00e9n con el objetivo de sensibilizar a los estudiantes en diversas instituciones escolares del municipio asistieron a planteles con otro programa denominado: Escuelas \u201cVA POR TI: la Prevenci\u00f3n Somos Todos\u201d con la finalidad de prevenir que presenten situaciones de riesgo.<\/p>\n<p>Rodr\u00edguez Montemayor agreg\u00f3 que en Prevenci\u00f3n Social, a cargo de Rodrigo De la Cerda, se tienen programas permanentes de asistencia jur\u00eddica y psicol\u00f3gica y en los \u00faltimos dos meses se han atendido a m\u00e1s de 300 personas, adem\u00e1s de los talleres de visitas domicilarias.<\/p>\n<p>El funcionario municipal detall\u00f3 que a tr\u00e1ves del CAIPA hay atenci\u00f3n profesional para adolescentes con problem\u00e1ticas como ansiedad y depresi\u00f3n entre otras, a quienes se les brinda terapias en grupo e individuales, seg\u00fan el caso, para resolverlas.<\/p>\n","protected":false},"excerpt":{"rendered":"<p>Cadereyta Jim\u00e9nez N.L. En refuerzo a las acciones operativas que se realizan de manera permanente a lo largo y ancho del municipio, la Secretar\u00eda de Seguridad P\u00fablica de Cadereyta ha intensificado los trabajos en \u00e1reas de Proximidad y Prevenci\u00f3n Social a personas de todas las edades. &nbsp; &nbsp; &nbsp; &nbsp; La corporaci\u00f3n jimenense tambi\u00e9n brinda [&hellip;]<\/p>\n","protected":false},"author":9,"featured_media":54588,"comment_status":"closed","ping_status":"closed","sticky":false,"template":"","format":"standard","meta":{"footnotes":""},"categories":[17],"tags":[3840,7795,3820,5859],"class_list":["post-54587","post","type-post","status-publish","format-standard","has-post-thumbnail","hentry","category-locales-cadereyta","tag-cadereyta-jimenez-nl","tag-prevencion","tag-seguridad-publica","tag-ultimas-noticias"],"_links":{"self":[{"href":"https:\/\/laultimapalabra.com.mx\/portal\/wp-json\/wp\/v2\/posts\/54587","targetHints":{"allow":["GET"]}}],"collection":[{"href":"https:\/\/laultimapalabra.com.mx\/portal\/wp-json\/wp\/v2\/posts"}],"about":[{"href":"https:\/\/laultimapalabra.com.mx\/portal\/wp-json\/wp\/v2\/types\/post"}],"author":[{"embeddable":true,"href":"https:\/\/laultimapalabra.com.mx\/portal\/wp-json\/wp\/v2\/users\/9"}],"replies":[{"embeddable":true,"href":"https:\/\/laultimapalabra.com.mx\/portal\/wp-json\/wp\/v2\/comments?post=54587"}],"version-history":[{"count":2,"href":"https:\/\/laultimapalabra.com.mx\/portal\/wp-json\/wp\/v2\/posts\/54587\/revisions"}],"predecessor-version":[{"id":54592,"href":"https:\/\/laultimapalabra.com.mx\/portal\/wp-json\/wp\/v2\/posts\/54587\/revisions\/54592"}],"wp:featuredmedia":[{"embeddable":true,"href":"https:\/\/laultimapalabra.com.mx\/portal\/wp-json\/wp\/v2\/media\/54588"}],"wp:attachment":[{"href":"https:\/\/laultimapalabra.com.mx\/portal\/wp-json\/wp\/v2\/media?parent=54587"}],"wp:term":[{"taxonomy":"category","embeddable":true,"href":"https:\/\/laultimapalabra.com.mx\/portal\/wp-json\/wp\/v2\/categories?post=54587"},{"taxonomy":"post_tag","embeddable":true,"href":"https:\/\/laultimapalabra.com.mx\/portal\/wp-json\/wp\/v2\/tags?post=54587"}],"curies":[{"name":"wp","href":"https:\/\/api.w.org\/{rel}","templated":true}]}}