                       {"id":54799,"date":"2024-02-20T11:12:21","date_gmt":"2024-02-20T17:12:21","guid":{"rendered":"https:\/\/laultimapalabra.com.mx\/portal\/?p=54799"},"modified":"2024-02-20T11:12:21","modified_gmt":"2024-02-20T17:12:21","slug":"recibe-apoyo-ciudadano-familia-de-bebe-fallecido-en-valle-del-roble","status":"publish","type":"post","link":"https:\/\/laultimapalabra.com.mx\/portal\/recibe-apoyo-ciudadano-familia-de-bebe-fallecido-en-valle-del-roble\/","title":{"rendered":"Recibe apoyo ciudadano familia de beb\u00e9 fallecido en Valle del Roble"},"content":{"rendered":"<p>Cadereyta Jim\u00e9nez, N.L.- En una transmisi\u00f3n en vivo hecha por este medio informativo la tarde de ayer, entrevistamos a el Se\u00f1or Isaias L\u00f3pez padre quien pidi\u00f3 apoyo por el lamentable fallecimiento de su peque\u00f1o, a lo que r\u00e1pidamente la ciudadan\u00eda empez\u00f3 a contactarse con la familia para apoyarlos.<\/p>\n<p>&nbsp;<\/p>\n<p>&nbsp;<\/p>\n<p>&nbsp;<\/p>\n<p>&nbsp;<\/p>\n<p><img loading=\"lazy\" decoding=\"async\" class=\"alignnone size-medium wp-image-54801\" src=\"https:\/\/laultimapalabra.com.mx\/portal\/wp-content\/uploads\/2024\/02\/IMG-20240220-WA0010-300x251.jpg\" alt=\"\" width=\"300\" height=\"251\" srcset=\"https:\/\/laultimapalabra.com.mx\/portal\/wp-content\/uploads\/2024\/02\/IMG-20240220-WA0010-300x251.jpg 300w, https:\/\/laultimapalabra.com.mx\/portal\/wp-content\/uploads\/2024\/02\/IMG-20240220-WA0010.jpg 720w\" sizes=\"auto, (max-width: 300px) 100vw, 300px\" \/><\/p>\n<p>El peque\u00f1o Isa\u00edas Rub\u00e9l L\u00f3pez Campos de tres meses de edad, perdi\u00f3 la vida por bronco aspiraci\u00f3n la madrugada de ayer, un hecho resgarrador para la familia de bajos recursos, donde el primer apoyo para agilizar el levantamiento del cuerpo y el cual agradeci\u00f3 el padre, fue de parte de la Polic\u00eda Municipal de Cadereyta.<\/p>\n<p>La madre Perla Yaretzi Campos se encarg\u00f3 de los tr\u00e1mites correspondientes, ya que ella era la que contaba con toda su documentaci\u00f3n, adem\u00e1s de que tuvieron que hacerle una prueba de ADN porque el peque\u00f1o aun no estaba registrado, todos los tr\u00e1mites requieren tiempo y dinero; por tal motivo acudieron a este medio para pedir apoyo.<\/p>\n<p>Despu\u00e9s del en vivo varias personas se contactaron a este medio, para pedir informaci\u00f3n de la familia para poder apoyarla, y las personas que quieran segu\u00edr apoyando pueden realizar un deposito a la tarjeta 4152 3139 1654 3528 de BBVA o pueden acudir al domicilio ubicado en la calle Mimosa 124A, en el sector \u00c9bano de la colonia Valle del Roble.<\/p>\n<p>Ahora s\u00f3lo falta esperar que se cumplan las 36 horas desde que se levant\u00f3 el cuerpo, para poder darle el \u00faltimo adi\u00f3s al peque\u00f1o Isa\u00edas.<\/p>\n","protected":false},"excerpt":{"rendered":"<p>Cadereyta Jim\u00e9nez, N.L.- En una transmisi\u00f3n en vivo hecha por este medio informativo la tarde de ayer, entrevistamos a el Se\u00f1or Isaias L\u00f3pez padre quien pidi\u00f3 apoyo por el lamentable fallecimiento de su peque\u00f1o, a lo que r\u00e1pidamente la ciudadan\u00eda empez\u00f3 a contactarse con la familia para apoyarlos. &nbsp; &nbsp; &nbsp; &nbsp; El peque\u00f1o Isa\u00edas [&hellip;]<\/p>\n","protected":false},"author":9,"featured_media":54800,"comment_status":"closed","ping_status":"closed","sticky":false,"template":"","format":"standard","meta":{"footnotes":""},"categories":[17],"tags":[151,3735,3840,4383,5859],"class_list":["post-54799","post","type-post","status-publish","format-standard","has-post-thumbnail","hentry","category-locales-cadereyta","tag-apoyo","tag-apoyo-a-ciudadanos-cadereyta","tag-cadereyta-jimenez-nl","tag-familia","tag-ultimas-noticias"],"_links":{"self":[{"href":"https:\/\/laultimapalabra.com.mx\/portal\/wp-json\/wp\/v2\/posts\/54799","targetHints":{"allow":["GET"]}}],"collection":[{"href":"https:\/\/laultimapalabra.com.mx\/portal\/wp-json\/wp\/v2\/posts"}],"about":[{"href":"https:\/\/laultimapalabra.com.mx\/portal\/wp-json\/wp\/v2\/types\/post"}],"author":[{"embeddable":true,"href":"https:\/\/laultimapalabra.com.mx\/portal\/wp-json\/wp\/v2\/users\/9"}],"replies":[{"embeddable":true,"href":"https:\/\/laultimapalabra.com.mx\/portal\/wp-json\/wp\/v2\/comments?post=54799"}],"version-history":[{"count":1,"href":"https:\/\/laultimapalabra.com.mx\/portal\/wp-json\/wp\/v2\/posts\/54799\/revisions"}],"predecessor-version":[{"id":54802,"href":"https:\/\/laultimapalabra.com.mx\/portal\/wp-json\/wp\/v2\/posts\/54799\/revisions\/54802"}],"wp:featuredmedia":[{"embeddable":true,"href":"https:\/\/laultimapalabra.com.mx\/portal\/wp-json\/wp\/v2\/media\/54800"}],"wp:attachment":[{"href":"https:\/\/laultimapalabra.com.mx\/portal\/wp-json\/wp\/v2\/media?parent=54799"}],"wp:term":[{"taxonomy":"category","embeddable":true,"href":"https:\/\/laultimapalabra.com.mx\/portal\/wp-json\/wp\/v2\/categories?post=54799"},{"taxonomy":"post_tag","embeddable":true,"href":"https:\/\/laultimapalabra.com.mx\/portal\/wp-json\/wp\/v2\/tags?post=54799"}],"curies":[{"name":"wp","href":"https:\/\/api.w.org\/{rel}","templated":true}]}}