                       {"id":54978,"date":"2024-02-23T12:14:46","date_gmt":"2024-02-23T18:14:46","guid":{"rendered":"https:\/\/laultimapalabra.com.mx\/portal\/?p=54978"},"modified":"2024-02-23T12:16:02","modified_gmt":"2024-02-23T18:16:02","slug":"hallan-a-101-migrantes-en-casa-de-seguridad-de-santa-ana-sonora","status":"publish","type":"post","link":"https:\/\/laultimapalabra.com.mx\/portal\/hallan-a-101-migrantes-en-casa-de-seguridad-de-santa-ana-sonora\/","title":{"rendered":"Hallan a 101 migrantes en casa de seguridad de Santa Ana, Sonora"},"content":{"rendered":"\n<p><br \/>Santa Ana, Son. Un total de 101 migrantes originarios de Guatemala fueron descubiertos al interior de una casa de seguridad ubicada en el municipio de Santa Ana, Sonora a unos 80 kil\u00f3metros de distancia de la l\u00ednea fronteriza que divide a M\u00e9xico de Estados Unidos, en el lugar se encontraban 11 menores, dos ni\u00f1as y nueve ni\u00f1os que viajaban solos.<br \/>El Instituto Nacional de Migraci\u00f3n (INM), la Secretar\u00eda de la Defensa Nacional (Sedena), la Guardia Nacional (GN) y autoridades estatales, informaron que emplearon un operativo en conjunto para localizar a los m\u00e1s de cien migrantes guatemaltecos hacinados en una casa abandonada en el municipio de Santa Ana.<br \/>El hallazgo se realiz\u00f3 este jueves, tras recibir informes sobre un grupo numeroso de personas en el interior de una vivienda en condiciones de abandono. Al llegar al lugar indicado, elementos del INM, Sedena, GN y seguridad estatal confirmaron que se trataba de migrantes de Guatemala.<br \/>El operativo result\u00f3 en la identificaci\u00f3n de 11 menores no acompa\u00f1ados, incluyendo dos ni\u00f1as y nueve ni\u00f1os, as\u00ed como 12 familias compuestas por 27 personas. Adem\u00e1s, se contabilizaron 63 adultos, 9 mujeres y 54 hombres, quienes no pudieron acreditar su estancia regular en el pa\u00eds.<br \/>Los menores y las familias fueron resguardados por el Sistema Nacional para el Desarrollo Integral de la Familia (DIF), mientras que los adultos fueron trasladados a instalaciones del INM para dar seguimiento a su situaci\u00f3n migratoria.<br \/>FUENTE: LA JORNADA <\/p>\n\n\n\n<p>Cr\u00e9ditos fotos: X @INAMI_mx<\/p>\n","protected":false},"excerpt":{"rendered":"<p>Santa Ana, Son. Un total de 101 migrantes originarios de Guatemala fueron descubiertos al interior de una casa de seguridad ubicada en el municipio de Santa Ana, Sonora a unos 80 kil\u00f3metros de distancia de la l\u00ednea fronteriza que divide a M\u00e9xico de Estados Unidos, en el lugar se encontraban 11 menores, dos ni\u00f1as y [&hellip;]<\/p>\n","protected":false},"author":9,"featured_media":54977,"comment_status":"closed","ping_status":"closed","sticky":false,"template":"","format":"standard","meta":{"footnotes":""},"categories":[19],"tags":[11809,3672,6068,11808],"class_list":["post-54978","post","type-post","status-publish","format-standard","has-post-thumbnail","hentry","category-nacional","tag-casadeseguridad","tag-migrantes","tag-sonora","tag-ultimasoticias"],"_links":{"self":[{"href":"https:\/\/laultimapalabra.com.mx\/portal\/wp-json\/wp\/v2\/posts\/54978","targetHints":{"allow":["GET"]}}],"collection":[{"href":"https:\/\/laultimapalabra.com.mx\/portal\/wp-json\/wp\/v2\/posts"}],"about":[{"href":"https:\/\/laultimapalabra.com.mx\/portal\/wp-json\/wp\/v2\/types\/post"}],"author":[{"embeddable":true,"href":"https:\/\/laultimapalabra.com.mx\/portal\/wp-json\/wp\/v2\/users\/9"}],"replies":[{"embeddable":true,"href":"https:\/\/laultimapalabra.com.mx\/portal\/wp-json\/wp\/v2\/comments?post=54978"}],"version-history":[{"count":2,"href":"https:\/\/laultimapalabra.com.mx\/portal\/wp-json\/wp\/v2\/posts\/54978\/revisions"}],"predecessor-version":[{"id":54980,"href":"https:\/\/laultimapalabra.com.mx\/portal\/wp-json\/wp\/v2\/posts\/54978\/revisions\/54980"}],"wp:featuredmedia":[{"embeddable":true,"href":"https:\/\/laultimapalabra.com.mx\/portal\/wp-json\/wp\/v2\/media\/54977"}],"wp:attachment":[{"href":"https:\/\/laultimapalabra.com.mx\/portal\/wp-json\/wp\/v2\/media?parent=54978"}],"wp:term":[{"taxonomy":"category","embeddable":true,"href":"https:\/\/laultimapalabra.com.mx\/portal\/wp-json\/wp\/v2\/categories?post=54978"},{"taxonomy":"post_tag","embeddable":true,"href":"https:\/\/laultimapalabra.com.mx\/portal\/wp-json\/wp\/v2\/tags?post=54978"}],"curies":[{"name":"wp","href":"https:\/\/api.w.org\/{rel}","templated":true}]}}