                       {"id":55043,"date":"2024-02-26T12:26:14","date_gmt":"2024-02-26T18:26:14","guid":{"rendered":"https:\/\/laultimapalabra.com.mx\/portal\/?p=55043"},"modified":"2024-02-26T12:26:46","modified_gmt":"2024-02-26T18:26:46","slug":"choque-entre-transporte-de-personal-y-trailer-deja-14-lesionados-en-carretera-miguel-aleman","status":"publish","type":"post","link":"https:\/\/laultimapalabra.com.mx\/portal\/choque-entre-transporte-de-personal-y-trailer-deja-14-lesionados-en-carretera-miguel-aleman\/","title":{"rendered":"Choque entre transporte de personal y tr\u00e1iler deja 14 lesionados en carretera Miguel Alem\u00e1n"},"content":{"rendered":"\n<p><br>Un total de 14 personas lesionadas y el colapso prolongado de la carretera a Miguel Alem\u00e1n, fue el resultado de un accidente en el que un veh\u00edculo de transporte de personal se estrell\u00f3 contra un tr\u00e1iler estacionado, en el municipio de Pesquer\u00eda.<br>Tras el percance, en el que una mujer qued\u00f3 prensada, el trailero se retir\u00f3 a bordo de su unidad y no fue identificado por las autoridades.<br>Los hechos ocurrieron momentos despu\u00e9s de las 5:00 horas del lunes en el kil\u00f3metro 27 de la mencionada v\u00eda, en un \u00e1rea despoblada cerca de los l\u00edmites con Apodaca.<br>En el lugar qued\u00f3 destruido un minicami\u00f3n marca Toyota Hiace de color gris plata, el cual circulaba hacia el norte, es decir, de Apodaca a Pesquer\u00eda.<br>De pronto, y posiblemente a causa de una dormitada del operador, dicho veh\u00edculo se sali\u00f3 del carril derecho y se impact\u00f3 de lleno contra la defensa posterior del tr\u00e1iler que estaba est\u00e1tico sobre el acotamiento.<br>Al lugar se desplazaron elementos de Protecci\u00f3n Civil de Pesquer\u00eda, de Apodaca y del Estado, quienes auxiliaron a los lesionados y utilizaron equipo especial para liberar a la pasajera que qued\u00f3 prensada.<br>En condiciones de salud estables, los heridos fueron trasladados a diferentes hospitales de Monterrey, mientras que la circulaci\u00f3n de la carretera a Miguel Alem\u00e1n se congestion\u00f3 por completo durante m\u00e1s de una hora.<br>FUENTE: TELEDIARIO <br>Cr\u00e9ditos fotos: telediario<\/p>\n","protected":false},"excerpt":{"rendered":"<p>Un total de 14 personas lesionadas y el colapso prolongado de la carretera a Miguel Alem\u00e1n, fue el resultado de un accidente en el que un veh\u00edculo de transporte de personal se estrell\u00f3 contra un tr\u00e1iler estacionado, en el municipio de Pesquer\u00eda.Tras el percance, en el que una mujer qued\u00f3 prensada, el trailero se retir\u00f3 [&hellip;]<\/p>\n","protected":false},"author":9,"featured_media":55042,"comment_status":"closed","ping_status":"closed","sticky":false,"template":"","format":"standard","meta":{"footnotes":""},"categories":[15],"tags":[11817,4315,2232,10411],"class_list":["post-55043","post","type-post","status-publish","format-standard","has-post-thumbnail","hentry","category-estado","tag-choquedetransporte","tag-lesionados","tag-trailer","tag-ultimasnoticias"],"_links":{"self":[{"href":"https:\/\/laultimapalabra.com.mx\/portal\/wp-json\/wp\/v2\/posts\/55043","targetHints":{"allow":["GET"]}}],"collection":[{"href":"https:\/\/laultimapalabra.com.mx\/portal\/wp-json\/wp\/v2\/posts"}],"about":[{"href":"https:\/\/laultimapalabra.com.mx\/portal\/wp-json\/wp\/v2\/types\/post"}],"author":[{"embeddable":true,"href":"https:\/\/laultimapalabra.com.mx\/portal\/wp-json\/wp\/v2\/users\/9"}],"replies":[{"embeddable":true,"href":"https:\/\/laultimapalabra.com.mx\/portal\/wp-json\/wp\/v2\/comments?post=55043"}],"version-history":[{"count":1,"href":"https:\/\/laultimapalabra.com.mx\/portal\/wp-json\/wp\/v2\/posts\/55043\/revisions"}],"predecessor-version":[{"id":55044,"href":"https:\/\/laultimapalabra.com.mx\/portal\/wp-json\/wp\/v2\/posts\/55043\/revisions\/55044"}],"wp:featuredmedia":[{"embeddable":true,"href":"https:\/\/laultimapalabra.com.mx\/portal\/wp-json\/wp\/v2\/media\/55042"}],"wp:attachment":[{"href":"https:\/\/laultimapalabra.com.mx\/portal\/wp-json\/wp\/v2\/media?parent=55043"}],"wp:term":[{"taxonomy":"category","embeddable":true,"href":"https:\/\/laultimapalabra.com.mx\/portal\/wp-json\/wp\/v2\/categories?post=55043"},{"taxonomy":"post_tag","embeddable":true,"href":"https:\/\/laultimapalabra.com.mx\/portal\/wp-json\/wp\/v2\/tags?post=55043"}],"curies":[{"name":"wp","href":"https:\/\/api.w.org\/{rel}","templated":true}]}}