                       {"id":55051,"date":"2024-02-26T12:35:58","date_gmt":"2024-02-26T18:35:58","guid":{"rendered":"https:\/\/laultimapalabra.com.mx\/portal\/?p=55051"},"modified":"2024-02-26T12:36:03","modified_gmt":"2024-02-26T18:36:03","slug":"localizan-mas-de-100-fragmentos-de-huesos-en-una-fosa-en-los-cabos","status":"publish","type":"post","link":"https:\/\/laultimapalabra.com.mx\/portal\/localizan-mas-de-100-fragmentos-de-huesos-en-una-fosa-en-los-cabos\/","title":{"rendered":"Localizan m\u00e1s de 100 fragmentos de huesos en una fosa en Los Cabos"},"content":{"rendered":"\n<p><br> La Paz, BCS. El gobierno del estado, a trav\u00e9s de la Comisi\u00f3n Estatal de B\u00fasqueda de Personas (CEBP), inform\u00f3 el hallazgo de una fosa clandestina con 113 fragmentos \u00f3seos en un camino vecinal que lleva de Miraflores al poblado de Agua Caliente en el municipio de Los Cabos.<br>A trav\u00e9s de un comunicado de prensa, se inform\u00f3 que, al dar seguimiento a una denuncia an\u00f3nima recibida en la Fiscal\u00eda Especializada en Investigaci\u00f3n de Delitos de Desaparici\u00f3n Forzada y Desaparici\u00f3n cometida por Particulares, personal de la CEBP, en coordinaci\u00f3n con colectivos, familias, autoridades federales, estatales y municipales, llevaron a cabo acciones de prospecci\u00f3n en Los Cabos, donde se localizaron los fragmentos \u00f3seos.<br>La comisionada de la CEBP, Lizeth Collins Collins, explic\u00f3 que, de acuerdo a los datos proporcionados de manera an\u00f3nima, se iniciaron las labores de campo el 21 de febrero con el estudio de la zona, logrando la localizaci\u00f3n de 46 fragmentos y 67 al d\u00eda siguiente.<br>En ambas acciones, dijo, se inform\u00f3 al personal de Servicios Periciales, para el procesamiento de la fosa, as\u00ed como el levantamiento de los indicios, de acuerdo al protocolo establecido en la materia.<br>Durante estas acciones, el sitio fue resguardado por elementos de seguridad de la Secretar\u00eda de la Defensa Nacional, Guardia Nacional y de la Polic\u00eda Municipal adscritos a la localidad de Miraflores, adem\u00e1s de contar con el apoyo de la Unidad Canina K9, de la Procuradur\u00eda General de Justicia del Estado.<br>Collins Collins inform\u00f3 que debido a este hallazgo se contin\u00faa con las tareas de b\u00fasqueda y localizaci\u00f3n en la zona, de manera conjunta con familiares e instituciones de seguridad p\u00fablica.<br>La comisionada precis\u00f3 que los servicios periciales determinar\u00e1n si los restos \u00f3seos encontrados pertenecen al mismo cuerpo.<br>En Guadalajara, tambi\u00e9n localizan bolsas con restos humanos<br> <br>Hasta este domingo sumaban 14 bolsas con cuerpos humanos segmentados las que han sido exhumadas de las fosas clandestinas localizadas el pasado mi\u00e9rcoles por integrantes del colectivo Luz de Esperanza en las faldas del cerro de Santa Ana Tepetitl\u00e1n, en Zapopan, pero la b\u00fasqueda se reanudar\u00e1 hasta el martes seg\u00fan anunci\u00f3 la Fiscal\u00eda del Estado.<br> <br>H\u00e9ctor Flores, fundador y vocero del colectivo, detall\u00f3 que el s\u00e1bado encontraron un cr\u00e1neo y segmentos \u00f3seos en diferentes puntos del mismo terreno, donde han seguido buscando a la par de las autoridades. <br> <br>Agreg\u00f3 que tambi\u00e9n se encontr\u00f3 \u201cuna mano y lo que, parece ser una placa quir\u00fargica de tibia o de peron\u00e9, no sabemos bien, de aproximadamente 10 cent\u00edmetros, que eso va a servir para la identificaci\u00f3n\u201d.<br> <br>Dijo que las autoridades confirmaron que no van a trabajar en el lugar hasta el martes debido a que \u201clas autoridades van a otro procesamiento\u201d, por lo cual hasta ahora son tres las fosas descubiertas en Santa Ana.<br> <br>La zona ha sido usada en ocasiones anteriores para entierros clandestinos y en octubre pasado por lo menos 25 bolsas con cuerpos segmentados fueron encontradas muy cerca del lugar que ahora se rastrea, mientras en julio de 2021 hay informaci\u00f3n oficial que se\u00f1ala que fueron encontradas 36 bolsas m\u00e1s.<br> <br>FUENTE: LA JORNADA <\/p>\n\n\n\n<p>Cr\u00e9ditos fotos: Gobierno BCS<\/p>\n\n\n\n<p><\/p>\n","protected":false},"excerpt":{"rendered":"<p>La Paz, BCS. El gobierno del estado, a trav\u00e9s de la Comisi\u00f3n Estatal de B\u00fasqueda de Personas (CEBP), inform\u00f3 el hallazgo de una fosa clandestina con 113 fragmentos \u00f3seos en un camino vecinal que lleva de Miraflores al poblado de Agua Caliente en el municipio de Los Cabos.A trav\u00e9s de un comunicado de prensa, se [&hellip;]<\/p>\n","protected":false},"author":9,"featured_media":55050,"comment_status":"closed","ping_status":"closed","sticky":false,"template":"","format":"standard","meta":{"footnotes":""},"categories":[19],"tags":[11821,11820,9551,10411],"class_list":["post-55051","post","type-post","status-publish","format-standard","has-post-thumbnail","hentry","category-nacional","tag-fosa","tag-localizanhuesos","tag-loscabos","tag-ultimasnoticias"],"_links":{"self":[{"href":"https:\/\/laultimapalabra.com.mx\/portal\/wp-json\/wp\/v2\/posts\/55051","targetHints":{"allow":["GET"]}}],"collection":[{"href":"https:\/\/laultimapalabra.com.mx\/portal\/wp-json\/wp\/v2\/posts"}],"about":[{"href":"https:\/\/laultimapalabra.com.mx\/portal\/wp-json\/wp\/v2\/types\/post"}],"author":[{"embeddable":true,"href":"https:\/\/laultimapalabra.com.mx\/portal\/wp-json\/wp\/v2\/users\/9"}],"replies":[{"embeddable":true,"href":"https:\/\/laultimapalabra.com.mx\/portal\/wp-json\/wp\/v2\/comments?post=55051"}],"version-history":[{"count":1,"href":"https:\/\/laultimapalabra.com.mx\/portal\/wp-json\/wp\/v2\/posts\/55051\/revisions"}],"predecessor-version":[{"id":55052,"href":"https:\/\/laultimapalabra.com.mx\/portal\/wp-json\/wp\/v2\/posts\/55051\/revisions\/55052"}],"wp:featuredmedia":[{"embeddable":true,"href":"https:\/\/laultimapalabra.com.mx\/portal\/wp-json\/wp\/v2\/media\/55050"}],"wp:attachment":[{"href":"https:\/\/laultimapalabra.com.mx\/portal\/wp-json\/wp\/v2\/media?parent=55051"}],"wp:term":[{"taxonomy":"category","embeddable":true,"href":"https:\/\/laultimapalabra.com.mx\/portal\/wp-json\/wp\/v2\/categories?post=55051"},{"taxonomy":"post_tag","embeddable":true,"href":"https:\/\/laultimapalabra.com.mx\/portal\/wp-json\/wp\/v2\/tags?post=55051"}],"curies":[{"name":"wp","href":"https:\/\/api.w.org\/{rel}","templated":true}]}}