                       {"id":55077,"date":"2024-02-26T22:20:44","date_gmt":"2024-02-27T04:20:44","guid":{"rendered":"https:\/\/laultimapalabra.com.mx\/portal\/?p=55077"},"modified":"2024-02-26T22:20:58","modified_gmt":"2024-02-27T04:20:58","slug":"bloquean-libramiento-por-falta-de-energia-electrica-en-valle-de-los-encinos","status":"publish","type":"post","link":"https:\/\/laultimapalabra.com.mx\/portal\/bloquean-libramiento-por-falta-de-energia-electrica-en-valle-de-los-encinos\/","title":{"rendered":"Bloquean libramiento por falta de energ\u00eda el\u00e9ctrica en Valle de los Encinos"},"content":{"rendered":"\n<p>Cadereyta Jim\u00e9nez, N.L.- La noche de este lunes, habitantes de la colonia Valle de los Encinos, bloquearon por algunos minutos la vialidad del libramiento Alfonso Mart\u00ednez Dom\u00ednguez, en el municipio de Cadereyta.<br \/>Los enardecidos ciudadanos, comentaron que desde el d\u00eda s\u00e1bado al parecer por un corto circuito en un transformador, se quedaron sin energ\u00eda el\u00e9ctrica algunas calles, sin tener soluci\u00f3n por parte de Comisi\u00f3n Federal de Electricidad.<br \/>Por ese motivo y al no ser escuchados por alguna autoridad que los apoyara en gestionar la reparaci\u00f3n, optaron por cerrar la vialidad sobre el libramiento, en la entrada de la colonia Fomerrey Cadereyta y Valle de los Encinos.<br \/>Fueron cerca de 15 minutos que los vecinos, cerraron la vialidad, al lugar arrib\u00f3 el Secretario de Seguridad P\u00fablica de Cadereyta Angel Mario Rodr\u00edguez Montemayor, quien se acerc\u00f3 con los afectados y les coment\u00f3 que se iba a gestionar mediante el alcalde el restablecimiento del servicio durante la noche.<br \/>Los vecinos optaron por retirarse del lugar dejando claro, que s\u00ed no se les daba soluci\u00f3n el d\u00eda de ma\u00f1ana se juntar\u00edan nuevamente para cerrar la vialidad pero ahora de la carretera libre a Reynosa.<\/p>\n\n\n\n<figure class=\"wp-block-image size-large\"><img loading=\"lazy\" decoding=\"async\" width=\"1024\" height=\"567\" src=\"https:\/\/laultimapalabra.com.mx\/portal\/wp-content\/uploads\/2024\/02\/img-20240226-wa00601589095421929904187-1024x567.jpg\" alt=\"\" class=\"wp-image-55076\" srcset=\"https:\/\/laultimapalabra.com.mx\/portal\/wp-content\/uploads\/2024\/02\/img-20240226-wa00601589095421929904187-1024x567.jpg 1024w, https:\/\/laultimapalabra.com.mx\/portal\/wp-content\/uploads\/2024\/02\/img-20240226-wa00601589095421929904187-300x166.jpg 300w, https:\/\/laultimapalabra.com.mx\/portal\/wp-content\/uploads\/2024\/02\/img-20240226-wa00601589095421929904187-768x425.jpg 768w, https:\/\/laultimapalabra.com.mx\/portal\/wp-content\/uploads\/2024\/02\/img-20240226-wa00601589095421929904187.jpg 1080w\" sizes=\"auto, (max-width: 1024px) 100vw, 1024px\" \/><\/figure>\n","protected":false},"excerpt":{"rendered":"<p>Cadereyta Jim\u00e9nez, N.L.- La noche de este lunes, habitantes de la colonia Valle de los Encinos, bloquearon por algunos minutos la vialidad del libramiento Alfonso Mart\u00ednez Dom\u00ednguez, en el municipio de Cadereyta.Los enardecidos ciudadanos, comentaron que desde el d\u00eda s\u00e1bado al parecer por un corto circuito en un transformador, se quedaron sin energ\u00eda el\u00e9ctrica algunas [&hellip;]<\/p>\n","protected":false},"author":7,"featured_media":55075,"comment_status":"closed","ping_status":"closed","sticky":false,"template":"","format":"standard","meta":{"footnotes":""},"categories":[17],"tags":[8220,2600,8717,2282],"class_list":["post-55077","post","type-post","status-publish","format-standard","has-post-thumbnail","hentry","category-locales-cadereyta","tag-bloqueos","tag-cadereyta","tag-sin-energia-electrica","tag-valle-de-los-encinos"],"_links":{"self":[{"href":"https:\/\/laultimapalabra.com.mx\/portal\/wp-json\/wp\/v2\/posts\/55077","targetHints":{"allow":["GET"]}}],"collection":[{"href":"https:\/\/laultimapalabra.com.mx\/portal\/wp-json\/wp\/v2\/posts"}],"about":[{"href":"https:\/\/laultimapalabra.com.mx\/portal\/wp-json\/wp\/v2\/types\/post"}],"author":[{"embeddable":true,"href":"https:\/\/laultimapalabra.com.mx\/portal\/wp-json\/wp\/v2\/users\/7"}],"replies":[{"embeddable":true,"href":"https:\/\/laultimapalabra.com.mx\/portal\/wp-json\/wp\/v2\/comments?post=55077"}],"version-history":[{"count":1,"href":"https:\/\/laultimapalabra.com.mx\/portal\/wp-json\/wp\/v2\/posts\/55077\/revisions"}],"predecessor-version":[{"id":55078,"href":"https:\/\/laultimapalabra.com.mx\/portal\/wp-json\/wp\/v2\/posts\/55077\/revisions\/55078"}],"wp:featuredmedia":[{"embeddable":true,"href":"https:\/\/laultimapalabra.com.mx\/portal\/wp-json\/wp\/v2\/media\/55075"}],"wp:attachment":[{"href":"https:\/\/laultimapalabra.com.mx\/portal\/wp-json\/wp\/v2\/media?parent=55077"}],"wp:term":[{"taxonomy":"category","embeddable":true,"href":"https:\/\/laultimapalabra.com.mx\/portal\/wp-json\/wp\/v2\/categories?post=55077"},{"taxonomy":"post_tag","embeddable":true,"href":"https:\/\/laultimapalabra.com.mx\/portal\/wp-json\/wp\/v2\/tags?post=55077"}],"curies":[{"name":"wp","href":"https:\/\/api.w.org\/{rel}","templated":true}]}}