                       {"id":55218,"date":"2024-02-29T16:14:10","date_gmt":"2024-02-29T22:14:10","guid":{"rendered":"https:\/\/laultimapalabra.com.mx\/portal\/?p=55218"},"modified":"2024-02-29T16:14:14","modified_gmt":"2024-02-29T22:14:14","slug":"esquiva-pipa-y-se-impacta-contra-barda-de-refineria","status":"publish","type":"post","link":"https:\/\/laultimapalabra.com.mx\/portal\/esquiva-pipa-y-se-impacta-contra-barda-de-refineria\/","title":{"rendered":"Esquiva pipa y se impacta contra barda de Refiner\u00eda"},"content":{"rendered":"\n<p><br><br>Cadereyta Jim\u00e9nez, N.L.- Un conductor de un tr\u00e1iler de caja seca, se impact\u00f3 contra la barda de la Refiner\u00eda de Cadereyta, tras esquivar a una pipa que sali\u00f3 sin precauci\u00f3n.<br>El percance se suscit\u00f3 en la carretera libre a Reynosa aproximadamente en el kil\u00f3metro 35 cerca de la caseta de Vigilancia del \u00e1rea de auto tanques. <br>Pese el aparatoso del percance el conductor del tr\u00e1iler de la l\u00ednea TLM, el cual se dirig\u00eda a Reynosa, no result\u00f3 lesionado. <br>Elementos de la Guardia Nacional, Seguridad&nbsp; de PEMEX y Tr\u00e1nsito Municipal abanderaron la zona mientras se realizaban las labores correspondientes.<\/p>\n\n\n\n<figure class=\"wp-block-image size-large\"><img loading=\"lazy\" decoding=\"async\" width=\"1024\" height=\"768\" src=\"https:\/\/laultimapalabra.com.mx\/portal\/wp-content\/uploads\/2024\/02\/img-20240229-wa00446658535024072183892-1024x768.jpg\" alt=\"\" class=\"wp-image-55217\" srcset=\"https:\/\/laultimapalabra.com.mx\/portal\/wp-content\/uploads\/2024\/02\/img-20240229-wa00446658535024072183892-1024x768.jpg 1024w, https:\/\/laultimapalabra.com.mx\/portal\/wp-content\/uploads\/2024\/02\/img-20240229-wa00446658535024072183892-300x225.jpg 300w, https:\/\/laultimapalabra.com.mx\/portal\/wp-content\/uploads\/2024\/02\/img-20240229-wa00446658535024072183892-768x576.jpg 768w, https:\/\/laultimapalabra.com.mx\/portal\/wp-content\/uploads\/2024\/02\/img-20240229-wa00446658535024072183892.jpg 1280w\" sizes=\"auto, (max-width: 1024px) 100vw, 1024px\" \/><\/figure>\n","protected":false},"excerpt":{"rendered":"<p>Cadereyta Jim\u00e9nez, N.L.- Un conductor de un tr\u00e1iler de caja seca, se impact\u00f3 contra la barda de la Refiner\u00eda de Cadereyta, tras esquivar a una pipa que sali\u00f3 sin precauci\u00f3n.El percance se suscit\u00f3 en la carretera libre a Reynosa aproximadamente en el kil\u00f3metro 35 cerca de la caseta de Vigilancia del \u00e1rea de auto tanques. [&hellip;]<\/p>\n","protected":false},"author":9,"featured_media":55216,"comment_status":"closed","ping_status":"closed","sticky":false,"template":"","format":"standard","meta":{"footnotes":""},"categories":[1],"tags":[3840,11865,4220,5859],"class_list":["post-55218","post","type-post","status-publish","format-standard","has-post-thumbnail","hentry","category-noticias","tag-cadereyta-jimenez-nl","tag-esquiva-pipa","tag-refineria","tag-ultimas-noticias"],"_links":{"self":[{"href":"https:\/\/laultimapalabra.com.mx\/portal\/wp-json\/wp\/v2\/posts\/55218","targetHints":{"allow":["GET"]}}],"collection":[{"href":"https:\/\/laultimapalabra.com.mx\/portal\/wp-json\/wp\/v2\/posts"}],"about":[{"href":"https:\/\/laultimapalabra.com.mx\/portal\/wp-json\/wp\/v2\/types\/post"}],"author":[{"embeddable":true,"href":"https:\/\/laultimapalabra.com.mx\/portal\/wp-json\/wp\/v2\/users\/9"}],"replies":[{"embeddable":true,"href":"https:\/\/laultimapalabra.com.mx\/portal\/wp-json\/wp\/v2\/comments?post=55218"}],"version-history":[{"count":1,"href":"https:\/\/laultimapalabra.com.mx\/portal\/wp-json\/wp\/v2\/posts\/55218\/revisions"}],"predecessor-version":[{"id":55219,"href":"https:\/\/laultimapalabra.com.mx\/portal\/wp-json\/wp\/v2\/posts\/55218\/revisions\/55219"}],"wp:featuredmedia":[{"embeddable":true,"href":"https:\/\/laultimapalabra.com.mx\/portal\/wp-json\/wp\/v2\/media\/55216"}],"wp:attachment":[{"href":"https:\/\/laultimapalabra.com.mx\/portal\/wp-json\/wp\/v2\/media?parent=55218"}],"wp:term":[{"taxonomy":"category","embeddable":true,"href":"https:\/\/laultimapalabra.com.mx\/portal\/wp-json\/wp\/v2\/categories?post=55218"},{"taxonomy":"post_tag","embeddable":true,"href":"https:\/\/laultimapalabra.com.mx\/portal\/wp-json\/wp\/v2\/tags?post=55218"}],"curies":[{"name":"wp","href":"https:\/\/api.w.org\/{rel}","templated":true}]}}