                       {"id":55268,"date":"2024-03-01T16:40:15","date_gmt":"2024-03-01T22:40:15","guid":{"rendered":"https:\/\/laultimapalabra.com.mx\/portal\/?p=55268"},"modified":"2024-03-01T16:42:05","modified_gmt":"2024-03-01T22:42:05","slug":"arrancan-campanas-aspirantes-al-distrito-12","status":"publish","type":"post","link":"https:\/\/laultimapalabra.com.mx\/portal\/arrancan-campanas-aspirantes-al-distrito-12\/","title":{"rendered":"Arrancan campa\u00f1as aspirantes al Distrito 12"},"content":{"rendered":"\n<p>Ju\u00e1rez, N.L.-Tres aspirantes para la diputaci\u00f3n del Distrito 12 federal, arrancaron sus campa\u00f1as desde el primer minuto del d\u00eda de hoy.<br>Por la coalici\u00f3n &#8220;Fuerza y Coraz\u00f3n Por M\u00e9xico&#8221;, integrado por el PRI, PAN y PRD, el abanderado es Everardo Benavides Villarreal, como candidato a diputado propietario, mientras que su suplente es Gustavo Flores R\u00edos.<br>Por el Partido Movimiento Ciudadano, es Irene Guadalupe Garza Benavides la candidata y su suplente es Martha Lidia Garza Mata, las encargadas de contender por este Distrito.<br>Por la alianza &#8220;Sigamos Haciendo Historia&#8221;, conformada por Morena, Partido del Trabajo y Partido Verde Ecologista de M\u00e9xico, el aspirante a diputado propietario es H\u00e9ctor Alfonso de la Garza Villarreal, quien tendr\u00e1 como compa\u00f1ero de f\u00f3rmula a Jos\u00e9 Adalberto Vega Regalado, como suplente.<br>Los tres tuvieron sus respectivas actividades partidistas e iniciaron sus movilizaciones, mientras se esperan los arranques de los candidatos a alcaldes y diputados locales, para arreciar sus campa\u00f1as pol\u00edticas para el d\u00eda de las elecciones.<\/p>\n","protected":false},"excerpt":{"rendered":"<p>Ju\u00e1rez, N.L.-Tres aspirantes para la diputaci\u00f3n del Distrito 12 federal, arrancaron sus campa\u00f1as desde el primer minuto del d\u00eda de hoy.Por la coalici\u00f3n &#8220;Fuerza y Coraz\u00f3n Por M\u00e9xico&#8221;, integrado por el PRI, PAN y PRD, el abanderado es Everardo Benavides Villarreal, como candidato a diputado propietario, mientras que su suplente es Gustavo Flores R\u00edos.Por el [&hellip;]<\/p>\n","protected":false},"author":7,"featured_media":55267,"comment_status":"closed","ping_status":"closed","sticky":false,"template":"","format":"standard","meta":{"footnotes":""},"categories":[18],"tags":[10168,11875,4703,11874],"class_list":["post-55268","post","type-post","status-publish","format-standard","has-post-thumbnail","hentry","category-locales-juarez","tag-elecciones2024","tag-arrancan-campanas-2024","tag-diputados","tag-distrito-12-juarez"],"_links":{"self":[{"href":"https:\/\/laultimapalabra.com.mx\/portal\/wp-json\/wp\/v2\/posts\/55268","targetHints":{"allow":["GET"]}}],"collection":[{"href":"https:\/\/laultimapalabra.com.mx\/portal\/wp-json\/wp\/v2\/posts"}],"about":[{"href":"https:\/\/laultimapalabra.com.mx\/portal\/wp-json\/wp\/v2\/types\/post"}],"author":[{"embeddable":true,"href":"https:\/\/laultimapalabra.com.mx\/portal\/wp-json\/wp\/v2\/users\/7"}],"replies":[{"embeddable":true,"href":"https:\/\/laultimapalabra.com.mx\/portal\/wp-json\/wp\/v2\/comments?post=55268"}],"version-history":[{"count":1,"href":"https:\/\/laultimapalabra.com.mx\/portal\/wp-json\/wp\/v2\/posts\/55268\/revisions"}],"predecessor-version":[{"id":55269,"href":"https:\/\/laultimapalabra.com.mx\/portal\/wp-json\/wp\/v2\/posts\/55268\/revisions\/55269"}],"wp:featuredmedia":[{"embeddable":true,"href":"https:\/\/laultimapalabra.com.mx\/portal\/wp-json\/wp\/v2\/media\/55267"}],"wp:attachment":[{"href":"https:\/\/laultimapalabra.com.mx\/portal\/wp-json\/wp\/v2\/media?parent=55268"}],"wp:term":[{"taxonomy":"category","embeddable":true,"href":"https:\/\/laultimapalabra.com.mx\/portal\/wp-json\/wp\/v2\/categories?post=55268"},{"taxonomy":"post_tag","embeddable":true,"href":"https:\/\/laultimapalabra.com.mx\/portal\/wp-json\/wp\/v2\/tags?post=55268"}],"curies":[{"name":"wp","href":"https:\/\/api.w.org\/{rel}","templated":true}]}}