                       {"id":55385,"date":"2024-03-06T12:17:54","date_gmt":"2024-03-06T18:17:54","guid":{"rendered":"https:\/\/laultimapalabra.com.mx\/portal\/?p=55385"},"modified":"2024-03-06T12:17:55","modified_gmt":"2024-03-06T18:17:55","slug":"muere-motociclista-tras-choque-con-auto-sobre-la-carretera-nacional","status":"publish","type":"post","link":"https:\/\/laultimapalabra.com.mx\/portal\/muere-motociclista-tras-choque-con-auto-sobre-la-carretera-nacional\/","title":{"rendered":"Muere motociclista tras choque con auto sobre la Carretera Nacional"},"content":{"rendered":"\n<p><br>Un motociclista muri\u00f3 luego de ser impactado por un autom\u00f3vil compacto sobre la Carretera Nacional a la altura del municipio de Santiago, Nuevo Le\u00f3n la ma\u00f1ana del mi\u00e9rcoles.<br>El hecho ocurri\u00f3 en direcci\u00f3n de sur a norte, sobre el kil\u00f3metro 254 de la carretera, en la comunidad de Los Rodr\u00edguez, tambi\u00e9n cerca de la zona de Los Cavazos.<br>Al sitio llegaron elementos policiacos de Santiago y de Fuerza Civil, quienes acordonaron la escena en donde qued\u00f3 la motocicleta y el cuerpo de la v\u00edctima.<br>Se inform\u00f3 que el autom\u00f3vil compacto marca Volkswagen en color azul met\u00e1lico habr\u00eda chocado por detr\u00e1s a la motocicleta, lo que a su vez gener\u00f3 que esta derrapara y el conductor saliera proyectado hacia el asfalto.<br>En el lugar fue visible el da\u00f1o en el cofre del autom\u00f3vil, lo que tambi\u00e9n revela la fuerza del impacto. Adem\u00e1s, el cuerpo del hombre fallecido qued\u00f3 afuera de un negocio, mientras que la motocicleta termin\u00f3 a unos 40 metros del mismo luego de derrapar.<br>El incidente provoc\u00f3 el cierre de dos de los tres carriles de la vialidad, por lo que se gener\u00f3 un \u201ccuello de botella\u201d que las autoridades buscaron disolver ayudando en labores de tr\u00e1nsito para que la circulaci\u00f3n fluyera alrededor de las 8:45 horas.<br>FUENTE: TELEDIARIO <\/p>\n\n\n\n<p>Cr\u00e9ditos fotos: telediario <\/p>\n","protected":false},"excerpt":{"rendered":"<p>Un motociclista muri\u00f3 luego de ser impactado por un autom\u00f3vil compacto sobre la Carretera Nacional a la altura del municipio de Santiago, Nuevo Le\u00f3n la ma\u00f1ana del mi\u00e9rcoles.El hecho ocurri\u00f3 en direcci\u00f3n de sur a norte, sobre el kil\u00f3metro 254 de la carretera, en la comunidad de Los Rodr\u00edguez, tambi\u00e9n cerca de la zona de [&hellip;]<\/p>\n","protected":false},"author":9,"featured_media":55384,"comment_status":"closed","ping_status":"closed","sticky":false,"template":"","format":"standard","meta":{"footnotes":""},"categories":[1],"tags":[541,11896,11305,10026,10411],"class_list":["post-55385","post","type-post","status-publish","format-standard","has-post-thumbnail","hentry","category-noticias","tag-choque","tag-loscavazos","tag-mueremotociclista","tag-santiagonl","tag-ultimasnoticias"],"_links":{"self":[{"href":"https:\/\/laultimapalabra.com.mx\/portal\/wp-json\/wp\/v2\/posts\/55385","targetHints":{"allow":["GET"]}}],"collection":[{"href":"https:\/\/laultimapalabra.com.mx\/portal\/wp-json\/wp\/v2\/posts"}],"about":[{"href":"https:\/\/laultimapalabra.com.mx\/portal\/wp-json\/wp\/v2\/types\/post"}],"author":[{"embeddable":true,"href":"https:\/\/laultimapalabra.com.mx\/portal\/wp-json\/wp\/v2\/users\/9"}],"replies":[{"embeddable":true,"href":"https:\/\/laultimapalabra.com.mx\/portal\/wp-json\/wp\/v2\/comments?post=55385"}],"version-history":[{"count":1,"href":"https:\/\/laultimapalabra.com.mx\/portal\/wp-json\/wp\/v2\/posts\/55385\/revisions"}],"predecessor-version":[{"id":55386,"href":"https:\/\/laultimapalabra.com.mx\/portal\/wp-json\/wp\/v2\/posts\/55385\/revisions\/55386"}],"wp:featuredmedia":[{"embeddable":true,"href":"https:\/\/laultimapalabra.com.mx\/portal\/wp-json\/wp\/v2\/media\/55384"}],"wp:attachment":[{"href":"https:\/\/laultimapalabra.com.mx\/portal\/wp-json\/wp\/v2\/media?parent=55385"}],"wp:term":[{"taxonomy":"category","embeddable":true,"href":"https:\/\/laultimapalabra.com.mx\/portal\/wp-json\/wp\/v2\/categories?post=55385"},{"taxonomy":"post_tag","embeddable":true,"href":"https:\/\/laultimapalabra.com.mx\/portal\/wp-json\/wp\/v2\/tags?post=55385"}],"curies":[{"name":"wp","href":"https:\/\/api.w.org\/{rel}","templated":true}]}}