                       {"id":55440,"date":"2024-03-07T12:24:05","date_gmt":"2024-03-07T18:24:05","guid":{"rendered":"https:\/\/laultimapalabra.com.mx\/portal\/?p=55440"},"modified":"2024-03-07T12:24:07","modified_gmt":"2024-03-07T18:24:07","slug":"matricidio-en-residencia-de-san-pedro-garza-garcia","status":"publish","type":"post","link":"https:\/\/laultimapalabra.com.mx\/portal\/matricidio-en-residencia-de-san-pedro-garza-garcia\/","title":{"rendered":"Matricidio en residencia de San Pedro Garza Garc\u00eda"},"content":{"rendered":"\n<p><br>SAN PEDRO GARZA GARC\u00cdA, Nuevo Le\u00f3n.- Un hombre decidi\u00f3 matar a su mam\u00e1 a balazos, para luego quitarse la vida con la misma arma que cometi\u00f3 el matricidio, este hecho ocurri\u00f3 en una residencia del municipio de San Pedro Garza Garc\u00eda, la noche del mi\u00e9rcoles.<br>Disparos de arma de fuego, movilizaron a la polic\u00eda de San Pedro, al cruce de las calles Carrizalejo y Adolfo L\u00f3pez Mateos, en la colonia Valle de Chipinque.<br>Seg\u00fan trascendi\u00f3, el agresor de unos 55 a\u00f1os tom\u00f3 su arma de fuego mientras estaba sentado con su madre en la cama, luego le dispar\u00f3 a la v\u00edctima de unos 70 a\u00f1os. Tras cometer el crimen antinatural, decidi\u00f3 dispararse.<br>Al arribo de param\u00e9dicos de protecci\u00f3n civil 9 1 1 de San Pedro confirmaron que hab\u00eda dos personas fallecidas, y que el var\u00f3n sosten\u00eda el arma de fuego en una de sus manos. Al sitio tambi\u00e9n llegaron Agentes ministeriales y elementos de la Fiscal\u00eda Especializada en Feminicidios.<br>Autoridades contin\u00faan las indagatorias en torno al hecho d\u00f3nde, hasta el momento no se ha dado conocer la identidad de las fallecidos.<br>Fuente: postamx<br><\/p>\n","protected":false},"excerpt":{"rendered":"<p>SAN PEDRO GARZA GARC\u00cdA, Nuevo Le\u00f3n.- Un hombre decidi\u00f3 matar a su mam\u00e1 a balazos, para luego quitarse la vida con la misma arma que cometi\u00f3 el matricidio, este hecho ocurri\u00f3 en una residencia del municipio de San Pedro Garza Garc\u00eda, la noche del mi\u00e9rcoles.Disparos de arma de fuego, movilizaron a la polic\u00eda de San [&hellip;]<\/p>\n","protected":false},"author":9,"featured_media":55439,"comment_status":"closed","ping_status":"closed","sticky":false,"template":"","format":"standard","meta":{"footnotes":""},"categories":[15],"tags":[11904,11902,1052,11903,1355,4191,9282,11905],"class_list":["post-55440","post","type-post","status-publish","format-standard","has-post-thumbnail","hentry","category-estado","tag-agentes","tag-autoridades","tag-feminicidios","tag-fiscalia-especializada","tag-juarez","tag-nuevo-leon","tag-san-pedro","tag-san-pedro-garza-garcia"],"_links":{"self":[{"href":"https:\/\/laultimapalabra.com.mx\/portal\/wp-json\/wp\/v2\/posts\/55440","targetHints":{"allow":["GET"]}}],"collection":[{"href":"https:\/\/laultimapalabra.com.mx\/portal\/wp-json\/wp\/v2\/posts"}],"about":[{"href":"https:\/\/laultimapalabra.com.mx\/portal\/wp-json\/wp\/v2\/types\/post"}],"author":[{"embeddable":true,"href":"https:\/\/laultimapalabra.com.mx\/portal\/wp-json\/wp\/v2\/users\/9"}],"replies":[{"embeddable":true,"href":"https:\/\/laultimapalabra.com.mx\/portal\/wp-json\/wp\/v2\/comments?post=55440"}],"version-history":[{"count":1,"href":"https:\/\/laultimapalabra.com.mx\/portal\/wp-json\/wp\/v2\/posts\/55440\/revisions"}],"predecessor-version":[{"id":55441,"href":"https:\/\/laultimapalabra.com.mx\/portal\/wp-json\/wp\/v2\/posts\/55440\/revisions\/55441"}],"wp:featuredmedia":[{"embeddable":true,"href":"https:\/\/laultimapalabra.com.mx\/portal\/wp-json\/wp\/v2\/media\/55439"}],"wp:attachment":[{"href":"https:\/\/laultimapalabra.com.mx\/portal\/wp-json\/wp\/v2\/media?parent=55440"}],"wp:term":[{"taxonomy":"category","embeddable":true,"href":"https:\/\/laultimapalabra.com.mx\/portal\/wp-json\/wp\/v2\/categories?post=55440"},{"taxonomy":"post_tag","embeddable":true,"href":"https:\/\/laultimapalabra.com.mx\/portal\/wp-json\/wp\/v2\/tags?post=55440"}],"curies":[{"name":"wp","href":"https:\/\/api.w.org\/{rel}","templated":true}]}}