                       {"id":55462,"date":"2024-03-07T15:31:56","date_gmt":"2024-03-07T21:31:56","guid":{"rendered":"https:\/\/laultimapalabra.com.mx\/portal\/?p=55462"},"modified":"2024-03-07T15:32:10","modified_gmt":"2024-03-07T21:32:10","slug":"atienden-especialistas-del-hgz-no-6-del-imss-nuevo-leon-caso-de-bebe-que-nacio-con-intestinos-expuestos","status":"publish","type":"post","link":"https:\/\/laultimapalabra.com.mx\/portal\/atienden-especialistas-del-hgz-no-6-del-imss-nuevo-leon-caso-de-bebe-que-nacio-con-intestinos-expuestos\/","title":{"rendered":"Atienden especialistas del HGZ No. 6 del IMSS Nuevo Le\u00f3n caso de beb\u00e9 que naci\u00f3 con intestinos expuestos"},"content":{"rendered":"\n<p><br><br>\u2022\tDiagnosticaron gastrosquisis a la beb\u00e9 desde el tercer mes de gestaci\u00f3n.<br>\u2022\tSe presenta esta condici\u00f3n en uno de cada 10 mil nacidos, con una probabilidad m\u00ednima de sobrevivir.<br>\u2022\tAplican especialistas t\u00e9cnica denominada \u201ccierre primario sin sutura\u201d, inmediatamente despu\u00e9s de la ces\u00e1rea.<br><br>Un equipo multidisciplinario del Hospital General de Zona (HGZ) No. 6, del Instituto Mexicano del Seguro Social (IMSS) en Nuevo Le\u00f3n, trabaj\u00f3 en coordinaci\u00f3n para corregir la condici\u00f3n de una menor que naci\u00f3 con los intestinos expuestos, con un nuevo procedimiento denominado \u201ccierre primario sin sutura\u201d.<br>Jade Sof\u00eda es la peque\u00f1a a quien, durante el embarazo de su madre, le diagnosticaron gastrosquisis, un defecto cong\u00e9nito de la pared abdominal que se caracteriza por la exteriorizaci\u00f3n de los intestinos, que durante la gestaci\u00f3n se encuentran en contacto directo con el l\u00edquido amni\u00f3tico.<br>Para Ingrid Ahimet, madre de la menor, la angustia lleg\u00f3 desde el tercer mes de embarazo, cuando le diagnosticaron la enfermedad a su beb\u00e9, con un pron\u00f3stico de baja probabilidad de vida al nacer.<br>\u201cMe dec\u00edan que era muy riesgoso, sent\u00eda mucho miedo. Gracias a ellos (personal m\u00e9dico) mi beb\u00e9 est\u00e1 viva\u201d, record\u00f3 con l\u00e1grimas la madre de la menor, que cumpli\u00f3 dos meses desde su nacimiento.<br>Los casos de pacientes con esta enfermedad, cuya incidencia es de uno por cada 10 mil nacidos vivos, tienen alto porcentaje de mortalidad debido a sus complicaciones asociadas, como perforaci\u00f3n y obstrucci\u00f3n intestinal, enterocolitis, entre otras.<br>Existen actualmente diferentes m\u00e9todos para reducir las asas intestinales a la cavidad abdominal para corregir el defecto de la gastrosquisis. <br>En este caso, se aplic\u00f3 con una t\u00e9cnica distinta de origen colombiano llamada \u201ccierre primario sin sutura\u201d, de acuerdo con la Jefatura de Pediatr\u00eda del HGZ No. 6 del IMSS en San Nicol\u00e1s de los Garza.<br>Al momento del nacimiento, los peque\u00f1os intestinos expuestos de la menor se encontraron muy dilatados e inflamados, por lo que se tuvieron que hacer maniobras especializadas para reducirlos de tama\u00f1o y poder introducirlos a la cavidad abdominal.<br>Luego de acomodarlos, se coloc\u00f3 un ap\u00f3sito herm\u00e9tico (hidrocoloide) que permite el cierre espont\u00e1neo por cicatrizaci\u00f3n del defecto umbilical, inform\u00f3 la Jefatura de Pediatr\u00eda.<br>La peque\u00f1a no requiri\u00f3 intubaci\u00f3n ni anestesia, inici\u00f3 pronto su alimentaci\u00f3n y permaneci\u00f3 nueve d\u00edas en el hospital, cuatro de ellos en la Unidad de Cuidados Intensivos.<br>Que un equipo multidisciplinario formado por las especialidades de Ginecolog\u00eda y Anestesiolog\u00eda, Cirug\u00eda Pedi\u00e1trica, Pediatr\u00eda y Neonatolog\u00eda se mantuviera en alerta para practicar el procedimiento especializado a la reci\u00e9n nacida, de inmediato despu\u00e9s de la ces\u00e1rea, fue fundamental para obtener resultados favorables para la beb\u00e9. <br>Los m\u00e9dicos que participaron en la intervenci\u00f3n manifestaron su satisfacci\u00f3n ante la coordinaci\u00f3n que tuvieron y que llev\u00f3 a concluir en la correcci\u00f3n del defecto cong\u00e9nito de la menor.<br>Con la supervisi\u00f3n mensual de Pediatr\u00eda M\u00e9dica y Cirug\u00eda Pedi\u00e1trica, ahora es un motivo de alegr\u00eda para su familia, integrada por sus padres y tres hermanos.<\/p>\n\n\n\n<figure class=\"wp-block-image size-large\"><img loading=\"lazy\" decoding=\"async\" width=\"1024\" height=\"680\" src=\"https:\/\/laultimapalabra.com.mx\/portal\/wp-content\/uploads\/2024\/03\/screenshot_20240307-153015631799772273187080-1024x680.png\" alt=\"\" class=\"wp-image-55461\" srcset=\"https:\/\/laultimapalabra.com.mx\/portal\/wp-content\/uploads\/2024\/03\/screenshot_20240307-153015631799772273187080-1024x680.png 1024w, https:\/\/laultimapalabra.com.mx\/portal\/wp-content\/uploads\/2024\/03\/screenshot_20240307-153015631799772273187080-300x199.png 300w, https:\/\/laultimapalabra.com.mx\/portal\/wp-content\/uploads\/2024\/03\/screenshot_20240307-153015631799772273187080-768x510.png 768w, https:\/\/laultimapalabra.com.mx\/portal\/wp-content\/uploads\/2024\/03\/screenshot_20240307-153015631799772273187080.png 1080w\" sizes=\"auto, (max-width: 1024px) 100vw, 1024px\" \/><\/figure>\n\n\n\n<figure class=\"wp-block-image\"><img loading=\"lazy\" decoding=\"async\" width=\"1024\" height=\"676\" src=\"https:\/\/laultimapalabra.com.mx\/portal\/wp-content\/uploads\/2024\/03\/screenshot_20240307-1529285278394439684548508-1024x676.png\" alt=\"\" class=\"wp-image-55460\" srcset=\"https:\/\/laultimapalabra.com.mx\/portal\/wp-content\/uploads\/2024\/03\/screenshot_20240307-1529285278394439684548508-1024x676.png 1024w, https:\/\/laultimapalabra.com.mx\/portal\/wp-content\/uploads\/2024\/03\/screenshot_20240307-1529285278394439684548508-300x198.png 300w, https:\/\/laultimapalabra.com.mx\/portal\/wp-content\/uploads\/2024\/03\/screenshot_20240307-1529285278394439684548508-768x507.png 768w, https:\/\/laultimapalabra.com.mx\/portal\/wp-content\/uploads\/2024\/03\/screenshot_20240307-1529285278394439684548508.png 1080w\" sizes=\"auto, (max-width: 1024px) 100vw, 1024px\" \/><\/figure>\n","protected":false},"excerpt":{"rendered":"<p>\u2022 Diagnosticaron gastrosquisis a la beb\u00e9 desde el tercer mes de gestaci\u00f3n.\u2022 Se presenta esta condici\u00f3n en uno de cada 10 mil nacidos, con una probabilidad m\u00ednima de sobrevivir.\u2022 Aplican especialistas t\u00e9cnica denominada \u201ccierre primario sin sutura\u201d, inmediatamente despu\u00e9s de la ces\u00e1rea. Un equipo multidisciplinario del Hospital General de Zona (HGZ) No. 6, del Instituto [&hellip;]<\/p>\n","protected":false},"author":9,"featured_media":55459,"comment_status":"closed","ping_status":"closed","sticky":false,"template":"","format":"standard","meta":{"footnotes":""},"categories":[15],"tags":[5102,1249,11913,5859],"class_list":["post-55462","post","type-post","status-publish","format-standard","has-post-thumbnail","hentry","category-estado","tag-bebe","tag-imss","tag-intestinos-expuestos","tag-ultimas-noticias"],"_links":{"self":[{"href":"https:\/\/laultimapalabra.com.mx\/portal\/wp-json\/wp\/v2\/posts\/55462","targetHints":{"allow":["GET"]}}],"collection":[{"href":"https:\/\/laultimapalabra.com.mx\/portal\/wp-json\/wp\/v2\/posts"}],"about":[{"href":"https:\/\/laultimapalabra.com.mx\/portal\/wp-json\/wp\/v2\/types\/post"}],"author":[{"embeddable":true,"href":"https:\/\/laultimapalabra.com.mx\/portal\/wp-json\/wp\/v2\/users\/9"}],"replies":[{"embeddable":true,"href":"https:\/\/laultimapalabra.com.mx\/portal\/wp-json\/wp\/v2\/comments?post=55462"}],"version-history":[{"count":1,"href":"https:\/\/laultimapalabra.com.mx\/portal\/wp-json\/wp\/v2\/posts\/55462\/revisions"}],"predecessor-version":[{"id":55463,"href":"https:\/\/laultimapalabra.com.mx\/portal\/wp-json\/wp\/v2\/posts\/55462\/revisions\/55463"}],"wp:featuredmedia":[{"embeddable":true,"href":"https:\/\/laultimapalabra.com.mx\/portal\/wp-json\/wp\/v2\/media\/55459"}],"wp:attachment":[{"href":"https:\/\/laultimapalabra.com.mx\/portal\/wp-json\/wp\/v2\/media?parent=55462"}],"wp:term":[{"taxonomy":"category","embeddable":true,"href":"https:\/\/laultimapalabra.com.mx\/portal\/wp-json\/wp\/v2\/categories?post=55462"},{"taxonomy":"post_tag","embeddable":true,"href":"https:\/\/laultimapalabra.com.mx\/portal\/wp-json\/wp\/v2\/tags?post=55462"}],"curies":[{"name":"wp","href":"https:\/\/api.w.org\/{rel}","templated":true}]}}