                       {"id":55583,"date":"2024-03-12T11:42:20","date_gmt":"2024-03-12T17:42:20","guid":{"rendered":"https:\/\/laultimapalabra.com.mx\/portal\/?p=55583"},"modified":"2024-03-12T11:42:30","modified_gmt":"2024-03-12T17:42:30","slug":"corto-circuito-provoca-incendio-en-interior-de-domicilio","status":"publish","type":"post","link":"https:\/\/laultimapalabra.com.mx\/portal\/corto-circuito-provoca-incendio-en-interior-de-domicilio\/","title":{"rendered":"Corto circuito provoca incendio en interior de&nbsp; domicilio"},"content":{"rendered":"\n<p><br><br>Cadereyta Jim\u00e9nez, N.L.- La noche del lunes, se registr\u00f3 un incendio en la planta alta de un domicilio al parecer por un corto circuito, donde afortunadamente no hubo personas lesionadas, en el municipio de Cadereyta.<br>El incidente se registr\u00f3 en la calle Mina en el domicilio&nbsp; marcado con el n\u00famero 504, entre la calle Francisco I. Madero y Emiliano Zapata.<br>Seg\u00fan el due\u00f1o de la vivienda identificado como Jos\u00e9 Guadalupe de 59 a\u00f1os de edad, el incendio comenz\u00f3 en unos cables, donde comenzaron a arder tablas y barrotes que sosten\u00edan l\u00e1minas a un costado, los cuales estaban cerca de la estufa y el tanque de gas, por lo que r\u00e1pidamente hicieron el llamado a los cuerpos de emergencia.<br>Elementos de la Polic\u00eda Municipal y Bomberos acudieron al sitio para sofocar las llamas, las cuales no se extendieron debido a la r\u00e1pida reacci\u00f3n de los efectivos y rescatistas.<\/p>\n\n\n\n<figure class=\"wp-block-image size-large\"><img loading=\"lazy\" decoding=\"async\" width=\"1024\" height=\"769\" src=\"https:\/\/laultimapalabra.com.mx\/portal\/wp-content\/uploads\/2024\/03\/img-20240312-wa00078188773299402830941-1024x769.jpg\" alt=\"\" class=\"wp-image-55582\" srcset=\"https:\/\/laultimapalabra.com.mx\/portal\/wp-content\/uploads\/2024\/03\/img-20240312-wa00078188773299402830941-1024x769.jpg 1024w, https:\/\/laultimapalabra.com.mx\/portal\/wp-content\/uploads\/2024\/03\/img-20240312-wa00078188773299402830941-300x225.jpg 300w, https:\/\/laultimapalabra.com.mx\/portal\/wp-content\/uploads\/2024\/03\/img-20240312-wa00078188773299402830941-768x576.jpg 768w, https:\/\/laultimapalabra.com.mx\/portal\/wp-content\/uploads\/2024\/03\/img-20240312-wa00078188773299402830941-1536x1153.jpg 1536w, https:\/\/laultimapalabra.com.mx\/portal\/wp-content\/uploads\/2024\/03\/img-20240312-wa00078188773299402830941.jpg 1600w\" sizes=\"auto, (max-width: 1024px) 100vw, 1024px\" \/><\/figure>\n","protected":false},"excerpt":{"rendered":"<p>Cadereyta Jim\u00e9nez, N.L.- La noche del lunes, se registr\u00f3 un incendio en la planta alta de un domicilio al parecer por un corto circuito, donde afortunadamente no hubo personas lesionadas, en el municipio de Cadereyta.El incidente se registr\u00f3 en la calle Mina en el domicilio&nbsp; marcado con el n\u00famero 504, entre la calle Francisco I. [&hellip;]<\/p>\n","protected":false},"author":9,"featured_media":55581,"comment_status":"closed","ping_status":"closed","sticky":false,"template":"","format":"standard","meta":{"footnotes":""},"categories":[17,9],"tags":[3840,3803,1254,5859],"class_list":["post-55583","post","type-post","status-publish","format-standard","has-post-thumbnail","hentry","category-locales-cadereyta","category-seguridad-cadereyta","tag-cadereyta-jimenez-nl","tag-corto-circuito","tag-incendio","tag-ultimas-noticias"],"_links":{"self":[{"href":"https:\/\/laultimapalabra.com.mx\/portal\/wp-json\/wp\/v2\/posts\/55583","targetHints":{"allow":["GET"]}}],"collection":[{"href":"https:\/\/laultimapalabra.com.mx\/portal\/wp-json\/wp\/v2\/posts"}],"about":[{"href":"https:\/\/laultimapalabra.com.mx\/portal\/wp-json\/wp\/v2\/types\/post"}],"author":[{"embeddable":true,"href":"https:\/\/laultimapalabra.com.mx\/portal\/wp-json\/wp\/v2\/users\/9"}],"replies":[{"embeddable":true,"href":"https:\/\/laultimapalabra.com.mx\/portal\/wp-json\/wp\/v2\/comments?post=55583"}],"version-history":[{"count":1,"href":"https:\/\/laultimapalabra.com.mx\/portal\/wp-json\/wp\/v2\/posts\/55583\/revisions"}],"predecessor-version":[{"id":55584,"href":"https:\/\/laultimapalabra.com.mx\/portal\/wp-json\/wp\/v2\/posts\/55583\/revisions\/55584"}],"wp:featuredmedia":[{"embeddable":true,"href":"https:\/\/laultimapalabra.com.mx\/portal\/wp-json\/wp\/v2\/media\/55581"}],"wp:attachment":[{"href":"https:\/\/laultimapalabra.com.mx\/portal\/wp-json\/wp\/v2\/media?parent=55583"}],"wp:term":[{"taxonomy":"category","embeddable":true,"href":"https:\/\/laultimapalabra.com.mx\/portal\/wp-json\/wp\/v2\/categories?post=55583"},{"taxonomy":"post_tag","embeddable":true,"href":"https:\/\/laultimapalabra.com.mx\/portal\/wp-json\/wp\/v2\/tags?post=55583"}],"curies":[{"name":"wp","href":"https:\/\/api.w.org\/{rel}","templated":true}]}}