                       {"id":55674,"date":"2024-03-14T00:32:15","date_gmt":"2024-03-14T06:32:15","guid":{"rendered":"https:\/\/laultimapalabra.com.mx\/portal\/?p=55674"},"modified":"2024-03-14T00:33:35","modified_gmt":"2024-03-14T06:33:35","slug":"va-sheinbaum-por-la-desprivatizacion-del-agua-en-q-r","status":"publish","type":"post","link":"https:\/\/laultimapalabra.com.mx\/portal\/va-sheinbaum-por-la-desprivatizacion-del-agua-en-q-r\/","title":{"rendered":"Va Sheinbaum por la desprivatizaci\u00f3n del agua en Q R."},"content":{"rendered":"\n<p>Canc\u00fan, Quintana Roo, a 13 de marzo de 2024.-El agua no debe estar privatizada, afirm\u00f3 la candidata de la Coalici\u00f3n \u201cSigamos Haciendo Historia\u201d (Morena, PT y PVEM) a la Presidencia de la Rep\u00fablica, Claudia Sheinbaum Pardo, tras escuchar una de las demandas sociales de los habitantes de Canc\u00fan, Quintana Roo, quienes mostraron su respaldo a la continuidad de la Cuarta Transformaci\u00f3n.<br>Yo no creo que deba estar privatizada el agua, tambi\u00e9n cuando fui Jefa de Gobierno hab\u00eda una concesi\u00f3n para la comercializaci\u00f3n del agua, se acab\u00f3 la concesi\u00f3n y yo ya no la renov\u00e9 y cuando quitamos la concesi\u00f3n aument\u00f3 la recaudaci\u00f3n del cobro del agua sin aumentar el precio del agua, sencillamente porque las cosas se hacen bien y de manera honesta. Hay que quitar la concesi\u00f3n del agua.<br>Claudia Sheinbaum tambi\u00e9n expuso su Estrategia de Seguridad: Rep\u00fablica Segura y con Justicia, la cual se compone de cinco ejes: Honestidad y Atenci\u00f3n a las causas; Consolidaci\u00f3n de la Guardia Nacional; Fortalecimiento de la inteligencia y la investigaci\u00f3n; Coordinaci\u00f3n con polic\u00edas estatales y Fiscal\u00eda General de la Rep\u00fablica; y Reforma al Poder Judicial, con la cual seguir\u00e1 construyendo la paz en Quintana Roo y en todo el pa\u00eds, como ya lo hizo en la Ciudad de M\u00e9xico cuando fue Jefa de Gobierno.<br>Me dec\u00edan que por ser mujer no iba a poder con la inseguridad, eso es machismo, pero cuando yo recib\u00ed la ciudad en 2018 estaba en los peores niveles de inseguridad, cuando dej\u00e9 la ciudad baj\u00e9 los homicidios en 50 por ciento y baj\u00e9 los delitos de alto impacto en 60 por ciento. Nos vamos a encargar de traer la seguridad a Quintana Roo y a todo el pa\u00eds.<br>Destac\u00f3 que con la Cuarta Transformaci\u00f3n inici\u00f3 un modelo de gobierno humanista, que atiende a los que menos tienen con los principios de no mentir, no robar y no traicionar al pueblo de M\u00e9xico y con programas que buscan garantizar los derechos b\u00e1sicos a la educaci\u00f3n, la salud, la justicia, vivienda digna y un salario justo.<br>Todo mexicano y mexicana tiene derecho a la educaci\u00f3n, todo mexicano y mexicana tiene derecho a recibir atenci\u00f3n de la salud de manera eficiente y gratuita, tiene derecho al acceso a la vivienda, tiene derecho a un salario justo, eso es prosperidad compartida.<br>Por eso anunci\u00f3 que dar\u00e1 continuidad a los programas sociales como la pensi\u00f3n de adultos mayores y becas para j\u00f3venes de preparatoria, pero adem\u00e1s anunci\u00f3 programas nuevos como el apoyo econ\u00f3mico a un mill\u00f3n de mujeres de 60 a 64 a\u00f1os y una beca universal para ni\u00f1os que estudien de preescolar a secundaria en escuelas p\u00fablicas.<br>Por su parte, la candidata a diputada federal por el Distrito 4 de Quintana Roo, Mildred \u00c1vila Vera, destac\u00f3 el trabajo y formaci\u00f3n de Claudia Sheinbaum para dirigir el destino del pa\u00eds, pero sobre todo su calidad y sentido humano para atender las necesidades del pueblo de M\u00e9xico.<br>Pr\u00f3ximamente tendremos a la primera mujer Presidenta de M\u00e9xico, a la doctora Claudia, que no solamente es una mujer de trabajo, de formaci\u00f3n de izquierda, de experiencia, pero que tiene un coraz\u00f3n humano, que entiende las necesidades del pueblo de M\u00e9xico.<br>De igual forma, el candidato a diputado federal por el Distrito 3 de Quintana Roo, Humberto Aldana, record\u00f3 que la candidata morenista cuenta con una larga lucha dentro del movimiento y fue uno de los pilares m\u00e1s importante para Andr\u00e9s Manuel L\u00f3pez Obrador desde que fue secretaria de Medio Ambiente en la Ciudad de M\u00e9xico durante su gobierno.<br>No se nos olvide que esta lucha empez\u00f3 hace a\u00f1os, muchos a\u00f1os, a nosotros no se nos olvida que la doctora Claudia Sheinbaum tuvo el cargo de secretaria de Medio Ambiente en el gobierno de la Ciudad de M\u00e9xico, encabezado por Andr\u00e9s Manuel L\u00f3pez Obrador y que cuando aquellos traidores se confabularon para desaforarlo, compiti\u00f3 con \u00e9l por la Presidencia de la Rep\u00fablica que nos robaron y la doctora estuvo ah\u00ed.<br>Al evento tambi\u00e9n acudieron los candidatos a senadores, Eugenio Segura V\u00e1zquez y Alma Anah\u00ed Gonz\u00e1lez Hern\u00e1ndez, as\u00ed como Gerardo Guti\u00e9rrez L\u00f3pez, comisionado pol\u00edtico nacional del PT en Quintana Roo; Juan Hugo de la Rosa, coordinador de la Circunscripci\u00f3n N\u00famero 3; Johana Acosta Conrado, presidenta del Comit\u00e9 Estatal de Morena; Cuitl\u00e1huac Bardan Esquivel, delegado estatal de la Candidata a la Presidencia de la Rep\u00fablica; y Ren\u00e1n Eduardo S\u00e1nchez Tajonar, dirigente estatal de PVEM.<\/p>\n","protected":false},"excerpt":{"rendered":"<p>Canc\u00fan, Quintana Roo, a 13 de marzo de 2024.-El agua no debe estar privatizada, afirm\u00f3 la candidata de la Coalici\u00f3n \u201cSigamos Haciendo Historia\u201d (Morena, PT y PVEM) a la Presidencia de la Rep\u00fablica, Claudia Sheinbaum Pardo, tras escuchar una de las demandas sociales de los habitantes de Canc\u00fan, Quintana Roo, quienes mostraron su respaldo a [&hellip;]<\/p>\n","protected":false},"author":7,"featured_media":55673,"comment_status":"closed","ping_status":"closed","sticky":false,"template":"","format":"standard","meta":{"footnotes":""},"categories":[11434],"tags":[11877,8166,11952],"class_list":["post-55674","post","type-post","status-publish","format-standard","has-post-thumbnail","hentry","category-elecciones-2024","tag-candidata-a-la-presidencia","tag-claudia-sheinbaum","tag-cuarta-transformacion"],"_links":{"self":[{"href":"https:\/\/laultimapalabra.com.mx\/portal\/wp-json\/wp\/v2\/posts\/55674","targetHints":{"allow":["GET"]}}],"collection":[{"href":"https:\/\/laultimapalabra.com.mx\/portal\/wp-json\/wp\/v2\/posts"}],"about":[{"href":"https:\/\/laultimapalabra.com.mx\/portal\/wp-json\/wp\/v2\/types\/post"}],"author":[{"embeddable":true,"href":"https:\/\/laultimapalabra.com.mx\/portal\/wp-json\/wp\/v2\/users\/7"}],"replies":[{"embeddable":true,"href":"https:\/\/laultimapalabra.com.mx\/portal\/wp-json\/wp\/v2\/comments?post=55674"}],"version-history":[{"count":1,"href":"https:\/\/laultimapalabra.com.mx\/portal\/wp-json\/wp\/v2\/posts\/55674\/revisions"}],"predecessor-version":[{"id":55675,"href":"https:\/\/laultimapalabra.com.mx\/portal\/wp-json\/wp\/v2\/posts\/55674\/revisions\/55675"}],"wp:featuredmedia":[{"embeddable":true,"href":"https:\/\/laultimapalabra.com.mx\/portal\/wp-json\/wp\/v2\/media\/55673"}],"wp:attachment":[{"href":"https:\/\/laultimapalabra.com.mx\/portal\/wp-json\/wp\/v2\/media?parent=55674"}],"wp:term":[{"taxonomy":"category","embeddable":true,"href":"https:\/\/laultimapalabra.com.mx\/portal\/wp-json\/wp\/v2\/categories?post=55674"},{"taxonomy":"post_tag","embeddable":true,"href":"https:\/\/laultimapalabra.com.mx\/portal\/wp-json\/wp\/v2\/tags?post=55674"}],"curies":[{"name":"wp","href":"https:\/\/api.w.org\/{rel}","templated":true}]}}