                       {"id":5570,"date":"2019-01-11T02:06:01","date_gmt":"2019-01-11T02:06:01","guid":{"rendered":"http:\/\/laultimapalabra.info\/?p=5570"},"modified":"2024-12-11T08:53:32","modified_gmt":"2024-12-11T14:53:32","slug":"el-quemador-47","status":"publish","type":"post","link":"https:\/\/laultimapalabra.com.mx\/portal\/el-quemador-47\/","title":{"rendered":"El Quemador"},"content":{"rendered":"<p><img loading=\"lazy\" decoding=\"async\" class=\"size-medium wp-image-159 alignleft\" src=\"https:\/\/laultimapalabra.com.mx\/portal\/wp-content\/uploads\/2018\/02\/Banner-Caliente-copia-300x171.jpg\" alt=\"\" width=\"300\" height=\"171\" \/>Por: El Repre<\/p>\n<p style=\"text-align: justify;\">INICIAMOS<br \/>\nComo andan queridos y estimados compitas, esperamos que todo les marche bien y que este a\u00f1o venga repleto de muchas cosas buenas para todos ustedes\u2026la neta que ya los extra\u00f1\u00e1bamos pues el fin de a\u00f1o estuvo muy movidito en cuanto a noticias y no se diga en estos 10 d\u00edas de enero\u2026pero ya nos dejaremos de tirar rollo y aqu\u00ed les vamos con la primera edici\u00f3n del a\u00f1o de su gustada columneja el Quemador\u2026ag\u00e1rrense que venimos con todo este 2019!!<br \/>\nLOS QUE FALTABAN<br \/>\nY como primero es lo primero, aqu\u00ed les van los 11 nombres que faltaban para completar la Planilla Azul del S\u00faper Faly Ortu\u00f1o, ellos son: Juan Carlos L\u00f3pez en Capacitaci\u00f3n\u2026Sergio Lumbreras en Reacomodo\u2026 Juan Rodr\u00edguez y V\u00edctor Hugo Tello en Previsi\u00f3n Social\u2026Iv\u00e1n Mart\u00ednez, Marco Vega y Erasmo Blanco en Ajustes\u2026Renato Lara Secretario de Trabajo-Hospital\u2026Martin Estrada Arenas Comisi\u00f3n Mixta\u2026 Reynaldo Rodr\u00edguez Corporativo Hospital e Isaac Sotelo en Vivienda\u2026muchas felicidades para todos ellos!!<br \/>\nVIKINGO TRISTE<br \/>\nAl que no le gust\u00f3 nada el resto de la planilla, sobre todo en la comisi\u00f3n de vivienda fue al Jefe Vikingo del Taller Mec\u00e1nico Octav\u00edn Guerrer\u00edn\u2026y es que el Jefe se sent\u00eda bien seguro en el grupo de nuevos funcionarios\u2026ahora se la pasa triste, ojeroso, cansado y sin ilusiones por no haber sido requerido\u2026ni la Cristian con sus desprecios y ofensas lo hab\u00edan hecho llorar tanto\u2026pobrecito!!<br \/>\nCONFIANZA<br \/>\nA los que al parecer ya no les pintara muy bien este 2019 es a los compas de confianza\u2026y es que hace d\u00edas trascendi\u00f3 que se les suspender\u00e1 la prestaci\u00f3n que ten\u00edan para adquirir veh\u00edculo de los niveles del 37 al 43\u2026y aunque a\u00fan es un rumor todo parece indicar que as\u00ed suceder\u00e1\u2026veremos qu\u00e9 pasa con el personal de confianza!!<br \/>\nRENE<br \/>\nMuchas son las quejas que nos llegan de un tal Renecito Res\u00e9ndiz de Recursos Humanos, nos dicen que se pasa de lanza con las damitas pues las acosa sexualmente\u2026para que lo vayan ubicando es el que firma las boletas de trabajo por parte de la empresa\u2026m\u00e1s de este tipejo la pr\u00f3xima semana!!<br \/>\nSOLDADOS<br \/>\nY ya estaba anunciado que los militares apoyar\u00edan en el combate al huachicol y ya est\u00e1n en nuestra refi, donde har\u00e1n labores de resguardo y vigilancia, adem\u00e1s de la revisi\u00f3n al personal en cada puerta de acceso y salida\u2026.as\u00ed que tendremos operaci\u00f3n mochila y mucha vigilancia en cada \u00e1rea de nuestro centro de trabajo, p\u00f3nganse abusados compitas!!<br \/>\nDESPLEGADO<br \/>\nPor cierto muy atinado el desplegado que saco nuestro m\u00e1ximo l\u00edder nacional Carlos Romero Deschamps donde manifest\u00f3 su apoyo y solidaridad al Presidente de la Republica en su valiente lucha contra la corrupci\u00f3n en Pemex\u2026excelente nuestro Jefazo Don Carlos sacando el pecho y dando la cara como debe de ser!!<br \/>\nCHILANGO<br \/>\nDel Taller de Tuber\u00eda nos cuentan que el que no tuvo madre fue el Chilanguito Segura\u2026y es que el brutazo este mando comprar un 24 de tecates pa\u2019 seguir pisteando en el taller y curarse la cruda que tra\u00eda desde Navidad\u2026la cosa es que a la hora de ir por la cheve all\u00e1 en la puerta 6 lo agarraron los soldados y que nos lo reportan a la Gerencia y Segura es el Repre titular del Taller\u2026vaya ejemplo de pela\u2019o!!<br \/>\nN\u00d3MINA<br \/>\nY de Ventas nos cuentan la tremenda pelea que se dieron para cubrir la plaza del nuevo comisionado sindical el tal Marrakech Carrasco\u2026y es que la Marichela y el Gordis se supone que son gente de Eldad los dos, pero la Marichela le hace todo el trabajo a la Mimosa y ella se qued\u00f3 con el puesto (suertudota)\u2026porque nadie que no sea del clan del corrupto Eldad cubre esas plazas intocables\u2026 \u00bfporque ser\u00e1? Mendiga corrupci\u00f3n!!<br \/>\nINVESTIGACI\u00d3N<br \/>\nTambi\u00e9n de Ventas nos cuentan que sigue en curso la tremenda investigaci\u00f3n que trae bien zurrados a media Terminal\u2026y es que la Papita Rosy, la Ilsita, la Genowebas y Cepedita siguen en el ojo del hurac\u00e1n, y hasta los soldados los andan escoltando por la p\u00e9rdida de 500 facturas originales de Pemex, vaya p\u00f3ker de burrazos&#8230;rescisiones a la vista en Ventas!!<br \/>\nLIVIDINOSO<br \/>\nY el que no se compone es Julio el libidinoso Banda, pues se la vive pidiendo moches y botellas de alcohol a cambio de portarse bien con los compitas y no fregarlos tanto&#8230;tremenda corrupci\u00f3n la que impera pues depende de que tengan contento con moches y regalos al acosador Banda\u2026que poca abuela!!&#8230;Arrivederchi!!<\/p>\n","protected":false},"excerpt":{"rendered":"<p>Por: El Repre INICIAMOS Como andan queridos y estimados compitas, esperamos que todo les marche bien y que este a\u00f1o venga repleto de muchas cosas buenas para todos ustedes\u2026la neta que ya los extra\u00f1\u00e1bamos pues el fin de a\u00f1o estuvo muy movidito en cuanto a noticias y no se diga en estos 10 d\u00edas de [&hellip;]<\/p>\n","protected":false},"author":9,"featured_media":159,"comment_status":"open","ping_status":"closed","sticky":false,"template":"","format":"standard","meta":{"footnotes":""},"categories":[1],"tags":[944],"class_list":["post-5570","post","type-post","status-publish","format-standard","has-post-thumbnail","hentry","category-noticias","tag-el-repre-el-quemador"],"_links":{"self":[{"href":"https:\/\/laultimapalabra.com.mx\/portal\/wp-json\/wp\/v2\/posts\/5570","targetHints":{"allow":["GET"]}}],"collection":[{"href":"https:\/\/laultimapalabra.com.mx\/portal\/wp-json\/wp\/v2\/posts"}],"about":[{"href":"https:\/\/laultimapalabra.com.mx\/portal\/wp-json\/wp\/v2\/types\/post"}],"author":[{"embeddable":true,"href":"https:\/\/laultimapalabra.com.mx\/portal\/wp-json\/wp\/v2\/users\/9"}],"replies":[{"embeddable":true,"href":"https:\/\/laultimapalabra.com.mx\/portal\/wp-json\/wp\/v2\/comments?post=5570"}],"version-history":[{"count":1,"href":"https:\/\/laultimapalabra.com.mx\/portal\/wp-json\/wp\/v2\/posts\/5570\/revisions"}],"predecessor-version":[{"id":66010,"href":"https:\/\/laultimapalabra.com.mx\/portal\/wp-json\/wp\/v2\/posts\/5570\/revisions\/66010"}],"wp:featuredmedia":[{"embeddable":true,"href":"https:\/\/laultimapalabra.com.mx\/portal\/wp-json\/"}],"wp:attachment":[{"href":"https:\/\/laultimapalabra.com.mx\/portal\/wp-json\/wp\/v2\/media?parent=5570"}],"wp:term":[{"taxonomy":"category","embeddable":true,"href":"https:\/\/laultimapalabra.com.mx\/portal\/wp-json\/wp\/v2\/categories?post=5570"},{"taxonomy":"post_tag","embeddable":true,"href":"https:\/\/laultimapalabra.com.mx\/portal\/wp-json\/wp\/v2\/tags?post=5570"}],"curies":[{"name":"wp","href":"https:\/\/api.w.org\/{rel}","templated":true}]}}