                       {"id":5572,"date":"2019-01-11T02:07:49","date_gmt":"2019-01-11T02:07:49","guid":{"rendered":"http:\/\/laultimapalabra.info\/?p=5572"},"modified":"2024-12-11T08:53:32","modified_gmt":"2024-12-11T14:53:32","slug":"la-guarida-del-mapache-45","status":"publish","type":"post","link":"https:\/\/laultimapalabra.com.mx\/portal\/la-guarida-del-mapache-45\/","title":{"rendered":"La Guarida del Mapache"},"content":{"rendered":"<p><img loading=\"lazy\" decoding=\"async\" class=\"size-medium wp-image-155 alignleft\" src=\"https:\/\/laultimapalabra.com.mx\/portal\/wp-content\/uploads\/2018\/02\/mapache-300x282.jpeg\" alt=\"\" width=\"300\" height=\"282\" \/>Por: El Mapache<\/p>\n<p style=\"text-align: justify;\">Y empezamos raza!!! Espero que hayan tenido un excelente fin de a\u00f1o en el 2018 y que el inicio del 2019 les pinte de la mejor manera posible compis, por lo pronto debemos seguir ech\u00e1ndole ganas y no culpando a los dem\u00e1s de todo lo que pasa, que nosotros aunque sea en poquito tambi\u00e9n podemos ser la diferencia.<br \/>\nROSCA<br \/>\nY pues empecemos con aquello de las roscas raza, y si, a mi si me tocaron un mont\u00f3n de \u201cni\u00f1itos\u201d jejeje no s\u00e9 si para buena suerte, o por glot\u00f3n caray! Pero de que llegaron, llegaron y pues a varia raza tambi\u00e9n les toc\u00f3 buena suerte con la rosca que mi compi el \u201cBigotes Quintanilla\u201d parti\u00f3 en la plaza el pasado domingo.<br \/>\nTACHE<br \/>\nEl \u00fanico tache que yo le pondr\u00eda al evento raza, es que hayan partido la rosca hasta el final, no la chiflen que es cantada, porque la neta ya estaba llena de abejas, moscas y dem\u00e1s insectos voladores jejeje, yo comprendo que es el primer a\u00f1o de la \u201cadministration\u201d y a\u00fan andan ajustando, pero es por l\u00f3gica raza, primero la rosca y luego los shows jejeje as\u00ed ha funcionado siempre y no hay necesidad de cambiarlo.<br \/>\nTIRADA<br \/>\nPorque no es por nada compis, pero as\u00ed ni a gusto se la come uno (la rosca, no empiecen de malpensados eh!), y se los digo porque me toc\u00f3 ver un mont\u00f3n de pedazos de rosca tirados en la basura, y pues no creo que de a gratis haya salido.<br \/>\nBUENA<br \/>\nOtra buena, fue la repartici\u00f3n que los polis y nuevos tr\u00e1nsitos hicieron de juguetes a los chamacos de las colonias vulnerables del muni, al menos devolvieron algo de lo que agarraron durante el fin de a\u00f1o jejeje ay! \u00bfLo pens\u00e9 o lo escrib\u00ed? Bueno, el caso es que pues fue buen gesto, aunque para que recuperen la buena imagen y confianza de la raza har\u00e1 falta mucho m\u00e1s jale y muestras de buen desempe\u00f1o, as\u00ed que como comienzo no est\u00e1 mal.<br \/>\nCHAMBEADORA<br \/>\nOtra que comenz\u00f3 el a\u00f1o bien chambeadora fue la \u201cvaquerita sexy de la CNC\u201d la Ludys, quien empez\u00f3 con que ya har\u00e1 entrega de algunos apoyos para la mujer campesina este pr\u00f3ximo martes, as\u00ed es de que se le ven ganas de seguir jalando, pues se le ven. \u00bfY c\u00f3mo no? Si despu\u00e9s de ganarle al candidato eterno de su partido (que luego por conveniencia se fue pa\u2019l verde, si hombre Carlos Rodr\u00edguez \u201cEl Cuate\u201d de Emeterio) tiene que seguir ech\u00e1ndole \u201cgalleta\u201d por la raza del campo.<br \/>\nCOLADILLA<br \/>\nY la que andaba de \u201ccoladilla\u201d en aquello de la rosca raza fue tambi\u00e9n la dipu \u201cPayola\u201d de los \u201cprietos\u201d, quien m\u00e1s tarde tambi\u00e9n se fue a repartir roscas, pero con \u201cCosmopolitan Gordisemaforo\u201d Leal, quien yo creo no pierde las ganas de seguir figurando en el escenario \u201cpolaco\u201d de la manera en que se pueda jejeje.<br \/>\nJUNTITA<br \/>\nMientras que a la que vimos muy animosa y ech\u00e1ndole ganas es a la \u201crugi de Morena\u201d que para no mentirles raza la neta del planeta, no s\u00e9 ni c\u00f3mo se llama la \u201cwerita\u201d jejeje pero eso si al parecer se lleva baaaastante bien con el \u201cSecre de los Polis\u201d, porque en la rosca se la pas\u00f3 de un lado a otro con el susodicho, pero no vayan a pensar mal raza, a lo mejor es de la comisi\u00f3n de seguridad p\u00fablica.<br \/>\nTARIFAZO<br \/>\nY pues ya hablando de otros temas raza, pues nuestro \u201cgober\u201d precioso jejeje ya dijo que si habr\u00e1 aumento, neta que bien madre\u2026os que nos van a dejar con tanto aumento compis, y en el transporte si esta canijo porque imag\u00ednense aqu\u00ed en Cadiz que siempre ha sido \u201ccari\u00f1oso\u201d nos va a tocar \u201cpior\u201d.<br \/>\nESPERAR<br \/>\nY Pues lo que muchos esper\u00e1bamos en este mes raza, es la cita que el buen \u201cDe$pre$iado\u201d ten\u00eda con la fiscal\u00eda Anticorrupci\u00f3n, la cual ya se dio raza pero nos dej\u00f3 a medias como las \u201cmoconovelas\u201d jejeje.<br \/>\nLUNES<br \/>\nYa que ser\u00e1 hasta el lunes que nos digan si le imputan o no el delito de la Asociaci\u00f3n Civil que se llev\u00f3 la no despreciable lana de 15 milloncillos de pesos, \u00bfc\u00f3mo ven? La neta que aqu\u00ed su \u201cservilleta\u201d no sabe qu\u00e9 m\u00e1s pruebas quieren despu\u00e9s de que dicha dependencia ya ni siquiera existe en C\u00e1diz compis jeje, pero bueno, tendremos que esperar y ver c\u00f3mo transcurre esto.<br \/>\nVIALIDAD<br \/>\nY ya casi al a\u00f1o se abri\u00f3 la circulaci\u00f3n raza de la \u00c1vila Camacho, gracias a Dios jejeje, la neta que los compis que viven ah\u00ed ya estaban hasta la \u201cm\u00e1user\u201d de batallar tanto, eso sin contar con las p\u00e9rdidas de los comercios vecinos \u00a1eh! pero al fin qued\u00f3 y esperemos que poco a poco los problemas de nuestro querido C\u00e1diz se sigan resolviendo.<br \/>\nACOPLADO<br \/>\nY pues bueno raza, yo tengo que seguir buscando c\u00f3mo acoplarme al mont\u00f3n de impuesto que estos jijos nos subieron, no hay m\u00e1s que seguir buscando la papa y echarle ganas para que este a\u00f1uco sea mejor que el anterior\u2026La vemos.<\/p>\n","protected":false},"excerpt":{"rendered":"<p>Por: El Mapache Y empezamos raza!!! Espero que hayan tenido un excelente fin de a\u00f1o en el 2018 y que el inicio del 2019 les pinte de la mejor manera posible compis, por lo pronto debemos seguir ech\u00e1ndole ganas y no culpando a los dem\u00e1s de todo lo que pasa, que nosotros aunque sea en [&hellip;]<\/p>\n","protected":false},"author":9,"featured_media":155,"comment_status":"open","ping_status":"closed","sticky":false,"template":"","format":"standard","meta":{"footnotes":""},"categories":[1],"tags":[940],"class_list":["post-5572","post","type-post","status-publish","format-standard","has-post-thumbnail","hentry","category-noticias","tag-el-mapache-la-guarida-del-mapache"],"_links":{"self":[{"href":"https:\/\/laultimapalabra.com.mx\/portal\/wp-json\/wp\/v2\/posts\/5572","targetHints":{"allow":["GET"]}}],"collection":[{"href":"https:\/\/laultimapalabra.com.mx\/portal\/wp-json\/wp\/v2\/posts"}],"about":[{"href":"https:\/\/laultimapalabra.com.mx\/portal\/wp-json\/wp\/v2\/types\/post"}],"author":[{"embeddable":true,"href":"https:\/\/laultimapalabra.com.mx\/portal\/wp-json\/wp\/v2\/users\/9"}],"replies":[{"embeddable":true,"href":"https:\/\/laultimapalabra.com.mx\/portal\/wp-json\/wp\/v2\/comments?post=5572"}],"version-history":[{"count":1,"href":"https:\/\/laultimapalabra.com.mx\/portal\/wp-json\/wp\/v2\/posts\/5572\/revisions"}],"predecessor-version":[{"id":66012,"href":"https:\/\/laultimapalabra.com.mx\/portal\/wp-json\/wp\/v2\/posts\/5572\/revisions\/66012"}],"wp:featuredmedia":[{"embeddable":true,"href":"https:\/\/laultimapalabra.com.mx\/portal\/wp-json\/"}],"wp:attachment":[{"href":"https:\/\/laultimapalabra.com.mx\/portal\/wp-json\/wp\/v2\/media?parent=5572"}],"wp:term":[{"taxonomy":"category","embeddable":true,"href":"https:\/\/laultimapalabra.com.mx\/portal\/wp-json\/wp\/v2\/categories?post=5572"},{"taxonomy":"post_tag","embeddable":true,"href":"https:\/\/laultimapalabra.com.mx\/portal\/wp-json\/wp\/v2\/tags?post=5572"}],"curies":[{"name":"wp","href":"https:\/\/api.w.org\/{rel}","templated":true}]}}