                       {"id":55760,"date":"2024-03-16T08:09:48","date_gmt":"2024-03-16T14:09:48","guid":{"rendered":"https:\/\/laultimapalabra.com.mx\/portal\/?p=55760"},"modified":"2024-03-16T08:13:41","modified_gmt":"2024-03-16T14:13:41","slug":"se-hartan-de-la-inmovilidad-en-el-transporte","status":"publish","type":"post","link":"https:\/\/laultimapalabra.com.mx\/portal\/se-hartan-de-la-inmovilidad-en-el-transporte\/","title":{"rendered":"Se hartan de la inmovilidad en el transporte"},"content":{"rendered":"\n<p>Ju\u00e1rez, N.L.-Aunque el Gobierno del Estado anuncia con bombo y platillo la adquisici\u00f3n de nuevas unidades para el transporte urbano, estas no se reflejan en el municipio de Ju\u00e1rez, donde los usuarios siguen padeciendo en este rubro.<br>Esta ma\u00f1ana se observaron grandes filas de juarenses en la avenida Paseo San Juan en la colonia Riberas de la Morena, esperando el cami\u00f3n Ruta 214- Mirador de San Antonio, pero estos ya ven\u00edan llenos de otras colonias.<br>Lo peor es que todas las personas se encontraban bajo la lluvia esperando las escasas unidades.<br>Refieren los vecinos de las colonias: Villas de San Jos\u00e9, Villas de San Juan, Pedregal de San Juan, Privadas Veralta, Solaris, que por la falta de unidades, seguido pierden sus premios de puntualidad y d\u00edas de trabajo.<\/p>\n","protected":false},"excerpt":{"rendered":"<p>Ju\u00e1rez, N.L.-Aunque el Gobierno del Estado anuncia con bombo y platillo la adquisici\u00f3n de nuevas unidades para el transporte urbano, estas no se reflejan en el municipio de Ju\u00e1rez, donde los usuarios siguen padeciendo en este rubro.Esta ma\u00f1ana se observaron grandes filas de juarenses en la avenida Paseo San Juan en la colonia Riberas de [&hellip;]<\/p>\n","protected":false},"author":7,"featured_media":55762,"comment_status":"closed","ping_status":"closed","sticky":false,"template":"","format":"standard","meta":{"footnotes":""},"categories":[18],"tags":[6901,11472,11982,5829],"class_list":["post-55760","post","type-post","status-publish","format-standard","has-post-thumbnail","hentry","category-locales-juarez","tag-falta-de-transporte","tag-largasfilas","tag-se-haran-inmovilidad","tag-transporte-urbano"],"_links":{"self":[{"href":"https:\/\/laultimapalabra.com.mx\/portal\/wp-json\/wp\/v2\/posts\/55760","targetHints":{"allow":["GET"]}}],"collection":[{"href":"https:\/\/laultimapalabra.com.mx\/portal\/wp-json\/wp\/v2\/posts"}],"about":[{"href":"https:\/\/laultimapalabra.com.mx\/portal\/wp-json\/wp\/v2\/types\/post"}],"author":[{"embeddable":true,"href":"https:\/\/laultimapalabra.com.mx\/portal\/wp-json\/wp\/v2\/users\/7"}],"replies":[{"embeddable":true,"href":"https:\/\/laultimapalabra.com.mx\/portal\/wp-json\/wp\/v2\/comments?post=55760"}],"version-history":[{"count":1,"href":"https:\/\/laultimapalabra.com.mx\/portal\/wp-json\/wp\/v2\/posts\/55760\/revisions"}],"predecessor-version":[{"id":55761,"href":"https:\/\/laultimapalabra.com.mx\/portal\/wp-json\/wp\/v2\/posts\/55760\/revisions\/55761"}],"wp:featuredmedia":[{"embeddable":true,"href":"https:\/\/laultimapalabra.com.mx\/portal\/wp-json\/wp\/v2\/media\/55762"}],"wp:attachment":[{"href":"https:\/\/laultimapalabra.com.mx\/portal\/wp-json\/wp\/v2\/media?parent=55760"}],"wp:term":[{"taxonomy":"category","embeddable":true,"href":"https:\/\/laultimapalabra.com.mx\/portal\/wp-json\/wp\/v2\/categories?post=55760"},{"taxonomy":"post_tag","embeddable":true,"href":"https:\/\/laultimapalabra.com.mx\/portal\/wp-json\/wp\/v2\/tags?post=55760"}],"curies":[{"name":"wp","href":"https:\/\/api.w.org\/{rel}","templated":true}]}}