                       {"id":55777,"date":"2024-03-17T20:42:14","date_gmt":"2024-03-18T02:42:14","guid":{"rendered":"https:\/\/laultimapalabra.com.mx\/portal\/?p=55777"},"modified":"2024-03-17T20:42:53","modified_gmt":"2024-03-18T02:42:53","slug":"viene-claudia-sheinbaum-a-juarez-2","status":"publish","type":"post","link":"https:\/\/laultimapalabra.com.mx\/portal\/viene-claudia-sheinbaum-a-juarez-2\/","title":{"rendered":"Viene Claudia Sheinbaum a Ju\u00e1rez"},"content":{"rendered":"\n<p><br>Ju\u00e1rez, N.L.-La candidata por la coalici\u00f3n &#8220;Sigamos Haciendo Historia&#8221; para la Presidencia de la Rep\u00fablica, Claudia Sheimbaum, estar\u00e1 con lo simpatizantes juarenses este jueves 21 de marzo.<br>La cita ser\u00e1 en la plaza principal de Ju\u00e1rez, Nuevo Le\u00f3n, a las 2:00 de la tarde, en su segunda visita a esta ciudad.<br>La reuni\u00f3n con los juarenses, coincide con el natalicio de Benito Ju\u00e1rez, el Benem\u00e9rito de las Am\u00e9ricas, cuyo nombre lleva este municipio.<\/p>\n","protected":false},"excerpt":{"rendered":"<p>Ju\u00e1rez, N.L.-La candidata por la coalici\u00f3n &#8220;Sigamos Haciendo Historia&#8221; para la Presidencia de la Rep\u00fablica, Claudia Sheimbaum, estar\u00e1 con lo simpatizantes juarenses este jueves 21 de marzo.La cita ser\u00e1 en la plaza principal de Ju\u00e1rez, Nuevo Le\u00f3n, a las 2:00 de la tarde, en su segunda visita a esta ciudad.La reuni\u00f3n con los juarenses, coincide [&hellip;]<\/p>\n","protected":false},"author":7,"featured_media":55776,"comment_status":"closed","ping_status":"closed","sticky":false,"template":"","format":"standard","meta":{"footnotes":""},"categories":[11434],"tags":[10168,11877,8166],"class_list":["post-55777","post","type-post","status-publish","format-standard","has-post-thumbnail","hentry","category-elecciones-2024","tag-elecciones2024","tag-candidata-a-la-presidencia","tag-claudia-sheinbaum"],"_links":{"self":[{"href":"https:\/\/laultimapalabra.com.mx\/portal\/wp-json\/wp\/v2\/posts\/55777","targetHints":{"allow":["GET"]}}],"collection":[{"href":"https:\/\/laultimapalabra.com.mx\/portal\/wp-json\/wp\/v2\/posts"}],"about":[{"href":"https:\/\/laultimapalabra.com.mx\/portal\/wp-json\/wp\/v2\/types\/post"}],"author":[{"embeddable":true,"href":"https:\/\/laultimapalabra.com.mx\/portal\/wp-json\/wp\/v2\/users\/7"}],"replies":[{"embeddable":true,"href":"https:\/\/laultimapalabra.com.mx\/portal\/wp-json\/wp\/v2\/comments?post=55777"}],"version-history":[{"count":1,"href":"https:\/\/laultimapalabra.com.mx\/portal\/wp-json\/wp\/v2\/posts\/55777\/revisions"}],"predecessor-version":[{"id":55778,"href":"https:\/\/laultimapalabra.com.mx\/portal\/wp-json\/wp\/v2\/posts\/55777\/revisions\/55778"}],"wp:featuredmedia":[{"embeddable":true,"href":"https:\/\/laultimapalabra.com.mx\/portal\/wp-json\/wp\/v2\/media\/55776"}],"wp:attachment":[{"href":"https:\/\/laultimapalabra.com.mx\/portal\/wp-json\/wp\/v2\/media?parent=55777"}],"wp:term":[{"taxonomy":"category","embeddable":true,"href":"https:\/\/laultimapalabra.com.mx\/portal\/wp-json\/wp\/v2\/categories?post=55777"},{"taxonomy":"post_tag","embeddable":true,"href":"https:\/\/laultimapalabra.com.mx\/portal\/wp-json\/wp\/v2\/tags?post=55777"}],"curies":[{"name":"wp","href":"https:\/\/api.w.org\/{rel}","templated":true}]}}