                       {"id":55800,"date":"2024-03-19T11:37:17","date_gmt":"2024-03-19T17:37:17","guid":{"rendered":"https:\/\/laultimapalabra.com.mx\/portal\/?p=55800"},"modified":"2024-03-19T11:37:22","modified_gmt":"2024-03-19T17:37:22","slug":"celebra-seccion-49-la-expropiacion-petrolera","status":"publish","type":"post","link":"https:\/\/laultimapalabra.com.mx\/portal\/celebra-seccion-49-la-expropiacion-petrolera\/","title":{"rendered":"Celebra Secci\u00f3n 49 la Expropiaci\u00f3n Petrolera"},"content":{"rendered":"\n<p><br>Cadereyta Jim\u00e9nez, N.L.<br>Como cada a\u00f1o, la familia petrolera de la Refiner\u00eda H\u00e9ctor R. Lara Sosa, celebr\u00f3 este lunes 18 de Marzo, el&nbsp; LXXXVI Aniversario de la Expropiaci\u00f3n Petrolera en M\u00e9xico.<br>La Secci\u00f3n 49 realiz\u00f3 diversas actividades, iniciando en la plaza principal donde se reunieron los petroleros y las autoridades municipales,&nbsp; para continuar con un desfile hacia la plaza Tampiquito.<br>Ni la lluvia detuvo la marcha de los trabajadores de la Refiner\u00eda, encabezada por Juan Gonz\u00e1lez Olvera, dirigente de la Secci\u00f3n 49.<br>Todos los eventos por tan importante celebraci\u00f3n iniciada el 18 de marzo de 1938 por el presidente L\u00e1zaro C\u00e1rdenas, tuvieron una gran afluencia.<br>Tambi\u00e9n se rindieron honores frente al busto del General L\u00e1zaro C\u00e1rdenas del R\u00edo, el precursor de la soberan\u00eda nacionalista del importante energ\u00e9tico.<\/p>\n\n\n\n<figure class=\"wp-block-image size-large\"><img loading=\"lazy\" decoding=\"async\" width=\"1024\" height=\"571\" src=\"https:\/\/laultimapalabra.com.mx\/portal\/wp-content\/uploads\/2024\/03\/img-20240319-wa0010176137681580626578-1024x571.jpg\" alt=\"\" class=\"wp-image-55796\" srcset=\"https:\/\/laultimapalabra.com.mx\/portal\/wp-content\/uploads\/2024\/03\/img-20240319-wa0010176137681580626578-1024x571.jpg 1024w, https:\/\/laultimapalabra.com.mx\/portal\/wp-content\/uploads\/2024\/03\/img-20240319-wa0010176137681580626578-300x167.jpg 300w, https:\/\/laultimapalabra.com.mx\/portal\/wp-content\/uploads\/2024\/03\/img-20240319-wa0010176137681580626578-768x428.jpg 768w, https:\/\/laultimapalabra.com.mx\/portal\/wp-content\/uploads\/2024\/03\/img-20240319-wa0010176137681580626578.jpg 1080w\" sizes=\"auto, (max-width: 1024px) 100vw, 1024px\" \/><\/figure>\n\n\n\n<figure class=\"wp-block-image\"><img loading=\"lazy\" decoding=\"async\" width=\"1024\" height=\"571\" src=\"https:\/\/laultimapalabra.com.mx\/portal\/wp-content\/uploads\/2024\/03\/img-20240319-wa00088686209047483291183-1024x571.jpg\" alt=\"\" class=\"wp-image-55798\" srcset=\"https:\/\/laultimapalabra.com.mx\/portal\/wp-content\/uploads\/2024\/03\/img-20240319-wa00088686209047483291183-1024x571.jpg 1024w, https:\/\/laultimapalabra.com.mx\/portal\/wp-content\/uploads\/2024\/03\/img-20240319-wa00088686209047483291183-300x167.jpg 300w, https:\/\/laultimapalabra.com.mx\/portal\/wp-content\/uploads\/2024\/03\/img-20240319-wa00088686209047483291183-768x428.jpg 768w, https:\/\/laultimapalabra.com.mx\/portal\/wp-content\/uploads\/2024\/03\/img-20240319-wa00088686209047483291183.jpg 1080w\" sizes=\"auto, (max-width: 1024px) 100vw, 1024px\" \/><\/figure>\n\n\n\n<figure class=\"wp-block-image\"><img loading=\"lazy\" decoding=\"async\" width=\"1024\" height=\"571\" src=\"https:\/\/laultimapalabra.com.mx\/portal\/wp-content\/uploads\/2024\/03\/img-20240319-wa00096610188296355956953-1024x571.jpg\" alt=\"\" class=\"wp-image-55799\" srcset=\"https:\/\/laultimapalabra.com.mx\/portal\/wp-content\/uploads\/2024\/03\/img-20240319-wa00096610188296355956953-1024x571.jpg 1024w, https:\/\/laultimapalabra.com.mx\/portal\/wp-content\/uploads\/2024\/03\/img-20240319-wa00096610188296355956953-300x167.jpg 300w, https:\/\/laultimapalabra.com.mx\/portal\/wp-content\/uploads\/2024\/03\/img-20240319-wa00096610188296355956953-768x428.jpg 768w, https:\/\/laultimapalabra.com.mx\/portal\/wp-content\/uploads\/2024\/03\/img-20240319-wa00096610188296355956953.jpg 1080w\" sizes=\"auto, (max-width: 1024px) 100vw, 1024px\" \/><\/figure>\n\n\n\n<figure class=\"wp-block-image\"><img loading=\"lazy\" decoding=\"async\" width=\"1024\" height=\"571\" src=\"https:\/\/laultimapalabra.com.mx\/portal\/wp-content\/uploads\/2024\/03\/img-20240319-wa00111696540583608411067-1024x571.jpg\" alt=\"\" class=\"wp-image-55797\" srcset=\"https:\/\/laultimapalabra.com.mx\/portal\/wp-content\/uploads\/2024\/03\/img-20240319-wa00111696540583608411067-1024x571.jpg 1024w, https:\/\/laultimapalabra.com.mx\/portal\/wp-content\/uploads\/2024\/03\/img-20240319-wa00111696540583608411067-300x167.jpg 300w, https:\/\/laultimapalabra.com.mx\/portal\/wp-content\/uploads\/2024\/03\/img-20240319-wa00111696540583608411067-768x428.jpg 768w, https:\/\/laultimapalabra.com.mx\/portal\/wp-content\/uploads\/2024\/03\/img-20240319-wa00111696540583608411067.jpg 1080w\" sizes=\"auto, (max-width: 1024px) 100vw, 1024px\" \/><\/figure>\n","protected":false},"excerpt":{"rendered":"<p>Cadereyta Jim\u00e9nez, N.L.Como cada a\u00f1o, la familia petrolera de la Refiner\u00eda H\u00e9ctor R. Lara Sosa, celebr\u00f3 este lunes 18 de Marzo, el&nbsp; LXXXVI Aniversario de la Expropiaci\u00f3n Petrolera en M\u00e9xico.La Secci\u00f3n 49 realiz\u00f3 diversas actividades, iniciando en la plaza principal donde se reunieron los petroleros y las autoridades municipales,&nbsp; para continuar con un desfile hacia [&hellip;]<\/p>\n","protected":false},"author":9,"featured_media":55795,"comment_status":"closed","ping_status":"closed","sticky":false,"template":"","format":"standard","meta":{"footnotes":""},"categories":[17],"tags":[2759,11986,5859],"class_list":["post-55800","post","type-post","status-publish","format-standard","has-post-thumbnail","hentry","category-locales-cadereyta","tag-expropiacion-petrolera","tag-seccion49","tag-ultimas-noticias"],"_links":{"self":[{"href":"https:\/\/laultimapalabra.com.mx\/portal\/wp-json\/wp\/v2\/posts\/55800","targetHints":{"allow":["GET"]}}],"collection":[{"href":"https:\/\/laultimapalabra.com.mx\/portal\/wp-json\/wp\/v2\/posts"}],"about":[{"href":"https:\/\/laultimapalabra.com.mx\/portal\/wp-json\/wp\/v2\/types\/post"}],"author":[{"embeddable":true,"href":"https:\/\/laultimapalabra.com.mx\/portal\/wp-json\/wp\/v2\/users\/9"}],"replies":[{"embeddable":true,"href":"https:\/\/laultimapalabra.com.mx\/portal\/wp-json\/wp\/v2\/comments?post=55800"}],"version-history":[{"count":1,"href":"https:\/\/laultimapalabra.com.mx\/portal\/wp-json\/wp\/v2\/posts\/55800\/revisions"}],"predecessor-version":[{"id":55801,"href":"https:\/\/laultimapalabra.com.mx\/portal\/wp-json\/wp\/v2\/posts\/55800\/revisions\/55801"}],"wp:featuredmedia":[{"embeddable":true,"href":"https:\/\/laultimapalabra.com.mx\/portal\/wp-json\/wp\/v2\/media\/55795"}],"wp:attachment":[{"href":"https:\/\/laultimapalabra.com.mx\/portal\/wp-json\/wp\/v2\/media?parent=55800"}],"wp:term":[{"taxonomy":"category","embeddable":true,"href":"https:\/\/laultimapalabra.com.mx\/portal\/wp-json\/wp\/v2\/categories?post=55800"},{"taxonomy":"post_tag","embeddable":true,"href":"https:\/\/laultimapalabra.com.mx\/portal\/wp-json\/wp\/v2\/tags?post=55800"}],"curies":[{"name":"wp","href":"https:\/\/api.w.org\/{rel}","templated":true}]}}